{"id":4010,"date":"2022-11-09T22:23:07","date_gmt":"2022-11-09T22:23:07","guid":{"rendered":"http:\/\/172.27.0.121\/?p=4010"},"modified":"2022-11-09T22:23:07","modified_gmt":"2022-11-09T22:23:07","slug":"presidente-maduro-llama-a-promover-la-educacion-para-enfrentar-el-cambio-climatico","status":"publish","type":"post","link":"https:\/\/prensapresidencialvenezuela.gob.ve\/index.php\/2022\/11\/09\/presidente-maduro-llama-a-promover-la-educacion-para-enfrentar-el-cambio-climatico\/","title":{"rendered":"Presidente Maduro llama a promover la educaci\u00f3n para enfrentar el cambio clim\u00e1tico"},"content":{"rendered":"\n<p><strong>Palacio de Miraflores, Caracas.- <\/strong>Bajo la premisa de \u201ccrear conciencia\u201d, el presidente de la Rep\u00fablica, Nicol\u00e1s Maduro, destac\u00f3 que la educaci\u00f3n es fundamental para abordar el cambio clim\u00e1tico.<\/p>\n\n\n\n<p>En el contexto de su participaci\u00f3n en la 27\u00b0 Conferencia de las Partes de la Convenci\u00f3n Marco de las Naciones Unidas sobre el Cambio Clim\u00e1tico (COP27), la concienciaci\u00f3n p\u00fablica debe ir de la mano con el incremento de las medidas de prevenci\u00f3n para enfrentar la emergencia clim\u00e1tica, que ha afectado con severidad a Venezuela con lluvias torrenciales, deslaves y aludes.<\/p>\n\n\n\n<p>\u201cDebemos atender, crear conciencia y seguir tomando medidas preventivas, muchas de las cuales a veces son silenciosas, invisibles, pero que est\u00e1n dando resultados\u201d, enfatiz\u00f3.<\/p>\n\n\n\n<p>El Jefe de Estado, quien reiter\u00f3 que \u201chay que educar a la poblaci\u00f3n para enfrentar estas circunstancias\u201d, subray\u00f3 que, igualmente, debe garantizarse la atenci\u00f3n permanente a las comunidades afectadas, tal como sucede en Las Tejer\u00edas y El Casta\u00f1o, ambas localidades del estado Aragua, afectadas por las fuertes precipitaciones registradas a principios del mes de octubre.<\/p>\n\n\n\n<p>\u201cEducaci\u00f3n, prevenci\u00f3n, mitigaci\u00f3n y mucho trabajo de reconstrucci\u00f3n, reparaci\u00f3n y atenci\u00f3n. Nuestro pueblo no est\u00e1 hu\u00e9rfano, nuestro pueblo tiene Gobierno, tiene apoyo, tiene quien lo respalde como se ha demostrado en Las Tejer\u00edas y en El Casta\u00f1o\u201d, puntualiz\u00f3.<\/p>\n\n\n\n<p><strong>Prensa Presidencial \/ Karelis Gonz\u00e1lez<\/strong><\/p>\n","protected":false},"excerpt":{"rendered":"<p>Palacio de Miraflores, Caracas.- Bajo la premisa de \u201ccrear conciencia\u201d, el presidente de la Rep\u00fablica, Nicol\u00e1s Maduro, destac\u00f3 que la educaci\u00f3n es fundamental para abordar el cambio clim\u00e1tico. En el contexto de su participaci\u00f3n en la 27\u00b0 Conferencia de las Partes de la Convenci\u00f3n Marco de las Naciones Unidas sobre el Cambio Clim\u00e1tico (COP27), la [&hellip;]<\/p>\n","protected":false},"author":6,"featured_media":4011,"comment_status":"open","ping_status":"open","sticky":false,"template":"","format":"standard","meta":{"footnotes":""},"categories":[18,7],"tags":[72,30,19,20],"class_list":["post-4010","post","type-post","status-publish","format-standard","has-post-thumbnail","hentry","category-noticias-principales","category-notas-de-prensa","tag-cop27","tag-destacado","tag-nicolas-maduro","tag-venezuela"],"_links":{"self":[{"href":"https:\/\/prensapresidencialvenezuela.gob.ve\/index.php\/wp-json\/wp\/v2\/posts\/4010","targetHints":{"allow":["GET"]}}],"collection":[{"href":"https:\/\/prensapresidencialvenezuela.gob.ve\/index.php\/wp-json\/wp\/v2\/posts"}],"about":[{"href":"https:\/\/prensapresidencialvenezuela.gob.ve\/index.php\/wp-json\/wp\/v2\/types\/post"}],"author":[{"embeddable":true,"href":"https:\/\/prensapresidencialvenezuela.gob.ve\/index.php\/wp-json\/wp\/v2\/users\/6"}],"replies":[{"embeddable":true,"href":"https:\/\/prensapresidencialvenezuela.gob.ve\/index.php\/wp-json\/wp\/v2\/comments?post=4010"}],"version-history":[{"count":1,"href":"https:\/\/prensapresidencialvenezuela.gob.ve\/index.php\/wp-json\/wp\/v2\/posts\/4010\/revisions"}],"predecessor-version":[{"id":4012,"href":"https:\/\/prensapresidencialvenezuela.gob.ve\/index.php\/wp-json\/wp\/v2\/posts\/4010\/revisions\/4012"}],"wp:featuredmedia":[{"embeddable":true,"href":"https:\/\/prensapresidencialvenezuela.gob.ve\/index.php\/wp-json\/wp\/v2\/media\/4011"}],"wp:attachment":[{"href":"https:\/\/prensapresidencialvenezuela.gob.ve\/index.php\/wp-json\/wp\/v2\/media?parent=4010"}],"wp:term":[{"taxonomy":"category","embeddable":true,"href":"https:\/\/prensapresidencialvenezuela.gob.ve\/index.php\/wp-json\/wp\/v2\/categories?post=4010"},{"taxonomy":"post_tag","embeddable":true,"href":"https:\/\/prensapresidencialvenezuela.gob.ve\/index.php\/wp-json\/wp\/v2\/tags?post=4010"}],"curies":[{"name":"wp","href":"https:\/\/api.w.org\/{rel}","templated":true}]}}