{"id":4054,"date":"2022-11-22T00:20:20","date_gmt":"2022-11-22T00:20:20","guid":{"rendered":"http:\/\/172.27.0.121\/?p=4054"},"modified":"2022-11-22T00:28:17","modified_gmt":"2022-11-22T00:28:17","slug":"presidente-recibe-delegacion-del-programa-mundial-de-alimentos-de-la-onu","status":"publish","type":"post","link":"https:\/\/prensapresidencialvenezuela.gob.ve\/index.php\/2022\/11\/22\/presidente-recibe-delegacion-del-programa-mundial-de-alimentos-de-la-onu\/","title":{"rendered":"Presidente recibe delegaci\u00f3n del Programa Mundial de Alimentos de la ONU"},"content":{"rendered":"\n<p><strong>Palacio de Miraflores, Caracas.- <\/strong>El presidente de la Rep\u00fablica, Nicol\u00e1s Maduro, recibe la tarde de este lunes a una delegaci\u00f3n del Programa Mundial de Alimentos (PMA) de las Naciones Unidas, encabezada por su Director General, David Muldrow Beasley.<\/p>\n\n\n\n<p>La reuni\u00f3n que se lleva a cabo en el Despacho 1 del Palacio de Miraflores tiene como objetivo fortalecer la cooperaci\u00f3n con ese organismo de la ONU.<\/p>\n\n\n\n<p>En este sentido, Venezuela y el PMA firmaron un acuerdo de cooperaci\u00f3n el 19 de abril de 2021 para proporcionar comidas escolares nutritivas a menores del pa\u00eds en situaci\u00f3n de vulnerabilidad, adem\u00e1s del personal de centros educativos.<\/p>\n\n\n\n<p>Igualmente, la asistencia alimentaria del PMA en Venezuela est\u00e1 enfocada en j\u00f3venes de entre 6 meses y 6 a\u00f1os de edad matriculados en centros preescolares, a los estudiantes de escuelas para personas con necesidades especiales y al personal de dichas instituciones: administrativos, docentes, cocineros y obreros.<\/p>\n\n\n\n<p>Se encuentran presentes adem\u00e1s la Directora Regional del PMA para Am\u00e9rica Latina y El Caribe, Mar\u00eda Dolores Castro Ben\u00edtez; la representante del PMA en la Rep\u00fablica Bolivariana de Venezuela, Laura Melo, entre otros delegados.<\/p>\n\n\n\n<p>Por la parte venezolana, asisten la primera combatiente, Cilia Flores y el presidente de la Asamblea Nacional, Jorge Rodr\u00edguez.<\/p>\n\n\n\n<p>Recientemente, el Jefe de Estado venezolano destac\u00f3 que el pa\u00eds ha avanzado en la producci\u00f3n y soberan\u00eda alimentaria, a trav\u00e9s de pol\u00edticas como la Misi\u00f3n Alimentaci\u00f3n, la Misi\u00f3n AgroVenezuela, los Comit\u00e9s Locales de Abastecimiento y Producci\u00f3n (CLAP) y las Casas de Alimentaci\u00f3n.<\/p>\n\n\n\n<p>\u201cVamos con todo por la meta de exportaci\u00f3n, todo, gracias al esfuerzo colectivo para consolidar las fuerzas productivas de la Patria en una ruta clara. \u00a1Producir es vencer y nosotros estamos venciendo!\u201d, manifest\u00f3 a trav\u00e9s der su cuenta en Twitter @NicolasMaduro.<\/p>\n\n\n\n<p>Para el tercer trimestre de 2022, Venezuela registr\u00f3 un avance de la producci\u00f3n de 11.145.000 toneladas de alimentos, de las cuales 7.800.000 corresponden al sector agr\u00edcola y 3.342.000 al sector pecuario.<\/p>\n\n\n\n<p><strong>Prensa Presidencial\/Karla Cotoret<\/strong><\/p>\n","protected":false},"excerpt":{"rendered":"<p>Palacio de Miraflores, Caracas.- El presidente de la Rep\u00fablica, Nicol\u00e1s Maduro, recibe la tarde de este lunes a una delegaci\u00f3n del Programa Mundial de Alimentos (PMA) de las Naciones Unidas, encabezada por su Director General, David Muldrow Beasley. La reuni\u00f3n que se lleva a cabo en el Despacho 1 del Palacio de Miraflores tiene como [&hellip;]<\/p>\n","protected":false},"author":6,"featured_media":4055,"comment_status":"open","ping_status":"open","sticky":false,"template":"","format":"standard","meta":{"footnotes":""},"categories":[18,7],"tags":[30,38,19,29,82,27,20],"class_list":["post-4054","post","type-post","status-publish","format-standard","has-post-thumbnail","hentry","category-noticias-principales","category-notas-de-prensa","tag-destacado","tag-diplomacia-bolivariana-de-paz","tag-nicolas-maduro","tag-onu","tag-pma","tag-revolucion-bolivariana","tag-venezuela"],"_links":{"self":[{"href":"https:\/\/prensapresidencialvenezuela.gob.ve\/index.php\/wp-json\/wp\/v2\/posts\/4054","targetHints":{"allow":["GET"]}}],"collection":[{"href":"https:\/\/prensapresidencialvenezuela.gob.ve\/index.php\/wp-json\/wp\/v2\/posts"}],"about":[{"href":"https:\/\/prensapresidencialvenezuela.gob.ve\/index.php\/wp-json\/wp\/v2\/types\/post"}],"author":[{"embeddable":true,"href":"https:\/\/prensapresidencialvenezuela.gob.ve\/index.php\/wp-json\/wp\/v2\/users\/6"}],"replies":[{"embeddable":true,"href":"https:\/\/prensapresidencialvenezuela.gob.ve\/index.php\/wp-json\/wp\/v2\/comments?post=4054"}],"version-history":[{"count":2,"href":"https:\/\/prensapresidencialvenezuela.gob.ve\/index.php\/wp-json\/wp\/v2\/posts\/4054\/revisions"}],"predecessor-version":[{"id":4058,"href":"https:\/\/prensapresidencialvenezuela.gob.ve\/index.php\/wp-json\/wp\/v2\/posts\/4054\/revisions\/4058"}],"wp:featuredmedia":[{"embeddable":true,"href":"https:\/\/prensapresidencialvenezuela.gob.ve\/index.php\/wp-json\/wp\/v2\/media\/4055"}],"wp:attachment":[{"href":"https:\/\/prensapresidencialvenezuela.gob.ve\/index.php\/wp-json\/wp\/v2\/media?parent=4054"}],"wp:term":[{"taxonomy":"category","embeddable":true,"href":"https:\/\/prensapresidencialvenezuela.gob.ve\/index.php\/wp-json\/wp\/v2\/categories?post=4054"},{"taxonomy":"post_tag","embeddable":true,"href":"https:\/\/prensapresidencialvenezuela.gob.ve\/index.php\/wp-json\/wp\/v2\/tags?post=4054"}],"curies":[{"name":"wp","href":"https:\/\/api.w.org\/{rel}","templated":true}]}}