{"id":4060,"date":"2022-11-22T23:53:34","date_gmt":"2022-11-22T23:53:34","guid":{"rendered":"http:\/\/172.27.0.121\/?p=4060"},"modified":"2022-11-22T23:53:34","modified_gmt":"2022-11-22T23:53:34","slug":"china-y-venezuela-profundizan-vinculos-estrategicos","status":"publish","type":"post","link":"https:\/\/prensapresidencialvenezuela.gob.ve\/index.php\/2022\/11\/22\/china-y-venezuela-profundizan-vinculos-estrategicos\/","title":{"rendered":"China y Venezuela profundizan v\u00ednculos estrat\u00e9gicos"},"content":{"rendered":"\n<p><strong>Palacio de Miraflores, Caracas.- <\/strong>Afianzar los lazos de amistad es la premisa del encuentro entre el presidente de la Rep\u00fablica, Nicol\u00e1s Maduro, y el representante especial del Gobierno de la Rep\u00fablica Popular China para Asuntos de Am\u00e9rica Latina y el Caribe, Qiu Xiaoqi, que se desarrolla este martes en el Palacio de Miraflores, ubicado en Caracas.<\/p>\n\n\n\n<p>El di\u00e1logo bilateral se inscribe en los esfuerzos conjuntos destinados a profundizar los v\u00ednculos estrat\u00e9gicos, bajo los principios de respeto mutuo y desarrollo compartido.<\/p>\n\n\n\n<p>Qiu Xiaoqi se encuentra en el cargo de Representante Especial del Gobierno de la Rep\u00fablica Popular China para Asuntos de Am\u00e9rica Latina y el Caribe desde el a\u00f1o 2020, funci\u00f3n que realiza en simult\u00e1neo a la de Vicepresidente de la Asociaci\u00f3n de Diplomacia P\u00fablica de China y miembro del Comit\u00e9 de Poblaci\u00f3n, Recursos y Medio Ambiente del XIII Comit\u00e9 Nacional de la Conferencia Consultiva Pol\u00edtica del Pueblo Chino.<\/p>\n\n\n\n<p>En su trayectoria diplom\u00e1tica destacan los roles ejercidos como Embajador en el Estado Plurinacional de Bolivia (1996-1998), en el Reino de Espa\u00f1a y el Principado de Andorra (2002-2008), en la Rep\u00fablica Federativa de Brasil (2008-2011) y en los Estados Unidos Mexicanos (2013-2019).<\/p>\n\n\n\n<p>Asimismo, se desempe\u00f1\u00f3 como subdirector general&nbsp; (1998-2000) y director general (2000-2002) de Am\u00e9rica Latina y el Caribe del Ministerio de Relaciones Exteriores de China.<\/p>\n\n\n\n<p>En agosto pasado, el Jefe de Estado se reuni\u00f3 con el director general del Departamento de Am\u00e9rica Latina y el Caribe del Ministerio de Relaciones Exteriores de China, Cai Wei, en aras de afianzar las alianzas bilaterales a partir de la revisi\u00f3n de la agenda de cooperaci\u00f3n.<\/p>\n\n\n\n<p>Los lazos diplom\u00e1ticos entre China y Venezuela datan del 28 de junio de 1974, sin embargo, ser\u00eda en el a\u00f1o 2001 cuando asumen car\u00e1cter estrat\u00e9gico al instalarse la Comisi\u00f3n Mixta de Alto Nivel como mecanismo para afianzar la cooperaci\u00f3n en \u00e1reas de inter\u00e9s com\u00fan.<\/p>\n\n\n\n<p><strong>Prensa Presidencial \/ Karelis Gonz\u00e1lez<\/strong><\/p>\n","protected":false},"excerpt":{"rendered":"<p>Palacio de Miraflores, Caracas.- Afianzar los lazos de amistad es la premisa del encuentro entre el presidente de la Rep\u00fablica, Nicol\u00e1s Maduro, y el representante especial del Gobierno de la Rep\u00fablica Popular China para Asuntos de Am\u00e9rica Latina y el Caribe, Qiu Xiaoqi, que se desarrolla este martes en el Palacio de Miraflores, ubicado en [&hellip;]<\/p>\n","protected":false},"author":6,"featured_media":4061,"comment_status":"open","ping_status":"open","sticky":false,"template":"","format":"standard","meta":{"footnotes":""},"categories":[18,7],"tags":[31,30,38,19,20],"class_list":["post-4060","post","type-post","status-publish","format-standard","has-post-thumbnail","hentry","category-noticias-principales","category-notas-de-prensa","tag-china","tag-destacado","tag-diplomacia-bolivariana-de-paz","tag-nicolas-maduro","tag-venezuela"],"_links":{"self":[{"href":"https:\/\/prensapresidencialvenezuela.gob.ve\/index.php\/wp-json\/wp\/v2\/posts\/4060","targetHints":{"allow":["GET"]}}],"collection":[{"href":"https:\/\/prensapresidencialvenezuela.gob.ve\/index.php\/wp-json\/wp\/v2\/posts"}],"about":[{"href":"https:\/\/prensapresidencialvenezuela.gob.ve\/index.php\/wp-json\/wp\/v2\/types\/post"}],"author":[{"embeddable":true,"href":"https:\/\/prensapresidencialvenezuela.gob.ve\/index.php\/wp-json\/wp\/v2\/users\/6"}],"replies":[{"embeddable":true,"href":"https:\/\/prensapresidencialvenezuela.gob.ve\/index.php\/wp-json\/wp\/v2\/comments?post=4060"}],"version-history":[{"count":1,"href":"https:\/\/prensapresidencialvenezuela.gob.ve\/index.php\/wp-json\/wp\/v2\/posts\/4060\/revisions"}],"predecessor-version":[{"id":4062,"href":"https:\/\/prensapresidencialvenezuela.gob.ve\/index.php\/wp-json\/wp\/v2\/posts\/4060\/revisions\/4062"}],"wp:featuredmedia":[{"embeddable":true,"href":"https:\/\/prensapresidencialvenezuela.gob.ve\/index.php\/wp-json\/wp\/v2\/media\/4061"}],"wp:attachment":[{"href":"https:\/\/prensapresidencialvenezuela.gob.ve\/index.php\/wp-json\/wp\/v2\/media?parent=4060"}],"wp:term":[{"taxonomy":"category","embeddable":true,"href":"https:\/\/prensapresidencialvenezuela.gob.ve\/index.php\/wp-json\/wp\/v2\/categories?post=4060"},{"taxonomy":"post_tag","embeddable":true,"href":"https:\/\/prensapresidencialvenezuela.gob.ve\/index.php\/wp-json\/wp\/v2\/tags?post=4060"}],"curies":[{"name":"wp","href":"https:\/\/api.w.org\/{rel}","templated":true}]}}