{"id":4063,"date":"2022-11-25T23:01:56","date_gmt":"2022-11-25T23:01:56","guid":{"rendered":"http:\/\/172.27.0.121\/?p=4063"},"modified":"2022-11-25T23:01:56","modified_gmt":"2022-11-25T23:01:56","slug":"belice-y-venezuela-afianzan-alianzas-de-cooperacion","status":"publish","type":"post","link":"https:\/\/prensapresidencialvenezuela.gob.ve\/index.php\/2022\/11\/25\/belice-y-venezuela-afianzan-alianzas-de-cooperacion\/","title":{"rendered":"Belice y Venezuela afianzan alianzas de cooperaci\u00f3n"},"content":{"rendered":"\n<p><strong>Palacio de Miraflores, Caracas.- <\/strong>En un encuentro destinado a profundizar las alianzas de cooperaci\u00f3n, el presidente de la Rep\u00fablica, Nicol\u00e1s Maduro, recibe al primer ministro de Belice, John Antonio Brice\u00f1o, en el Palacio de Miraflores, ubicado en Caracas, a prop\u00f3sito de su primera visita oficial en Venezuela.<\/p>\n\n\n\n<p>Bajo los principios de amistad, igualdad y beneficio compartido, el di\u00e1logo que se realiza en el Despacho N\u00b0 1, aborda una agenda de complementariedad que prioriza temas de inter\u00e9s binacional en el esp\u00edritu del nuevo mundo multic\u00e9ntrico y pluripolar.<\/p>\n\n\n\n<p>La visita del primer ministro de Belice ocurre un d\u00eda despu\u00e9s de la reuni\u00f3n entre la vicepresidenta de la Rep\u00fablica, Delcy Rodr\u00edguez, y el ministro de Relaciones Exteriores, Comercio Exterior e Inmigraci\u00f3n de Belice, Eamon Courtenay, para evaluar los mecanismos que permitan reforzar las relaciones comerciales.<\/p>\n\n\n\n<p>Durante la jornada de trabajo, ambas autoridades ratificaron la necesidad de ampliar los lazos de cooperaci\u00f3n en \u00e1mbitos que puedan proveer prosperidad y bienestar a los pueblos.<\/p>\n\n\n\n<p>Precisamente, en octubre pasado, Belice suscribi\u00f3 un memorando de entendimiento con Venezuela para fortalecer la colaboraci\u00f3n en materia de educaci\u00f3n y formaci\u00f3n t\u00e9cnica profesional. Desde el a\u00f1o 2020, ambas naciones sostienen un intercambio de conocimientos en las \u00e1reas textil y agr\u00edcola.<\/p>\n\n\n\n<p>Los v\u00ednculos diplom\u00e1ticos entre Belice y Venezuela datan del 25 de abril de 1989. No obstante, ser\u00eda a partir de la llegada del Comandante Hugo Ch\u00e1vez cuando asume un car\u00e1cter estrat\u00e9gico en \u00e1reas de energ\u00eda, agricultura, comercio y educaci\u00f3n. &nbsp;<\/p>\n\n\n\n<p><strong>Prensa Presidencial \/ Karelis Gonz\u00e1lez<\/strong><\/p>\n","protected":false},"excerpt":{"rendered":"<p>Palacio de Miraflores, Caracas.- En un encuentro destinado a profundizar las alianzas de cooperaci\u00f3n, el presidente de la Rep\u00fablica, Nicol\u00e1s Maduro, recibe al primer ministro de Belice, John Antonio Brice\u00f1o, en el Palacio de Miraflores, ubicado en Caracas, a prop\u00f3sito de su primera visita oficial en Venezuela. Bajo los principios de amistad, igualdad y beneficio [&hellip;]<\/p>\n","protected":false},"author":6,"featured_media":4065,"comment_status":"open","ping_status":"open","sticky":false,"template":"","format":"standard","meta":{"footnotes":""},"categories":[18,7],"tags":[83,30,38,19,27,20],"class_list":["post-4063","post","type-post","status-publish","format-standard","has-post-thumbnail","hentry","category-noticias-principales","category-notas-de-prensa","tag-belice","tag-destacado","tag-diplomacia-bolivariana-de-paz","tag-nicolas-maduro","tag-revolucion-bolivariana","tag-venezuela"],"_links":{"self":[{"href":"https:\/\/prensapresidencialvenezuela.gob.ve\/index.php\/wp-json\/wp\/v2\/posts\/4063","targetHints":{"allow":["GET"]}}],"collection":[{"href":"https:\/\/prensapresidencialvenezuela.gob.ve\/index.php\/wp-json\/wp\/v2\/posts"}],"about":[{"href":"https:\/\/prensapresidencialvenezuela.gob.ve\/index.php\/wp-json\/wp\/v2\/types\/post"}],"author":[{"embeddable":true,"href":"https:\/\/prensapresidencialvenezuela.gob.ve\/index.php\/wp-json\/wp\/v2\/users\/6"}],"replies":[{"embeddable":true,"href":"https:\/\/prensapresidencialvenezuela.gob.ve\/index.php\/wp-json\/wp\/v2\/comments?post=4063"}],"version-history":[{"count":1,"href":"https:\/\/prensapresidencialvenezuela.gob.ve\/index.php\/wp-json\/wp\/v2\/posts\/4063\/revisions"}],"predecessor-version":[{"id":4066,"href":"https:\/\/prensapresidencialvenezuela.gob.ve\/index.php\/wp-json\/wp\/v2\/posts\/4063\/revisions\/4066"}],"wp:featuredmedia":[{"embeddable":true,"href":"https:\/\/prensapresidencialvenezuela.gob.ve\/index.php\/wp-json\/wp\/v2\/media\/4065"}],"wp:attachment":[{"href":"https:\/\/prensapresidencialvenezuela.gob.ve\/index.php\/wp-json\/wp\/v2\/media?parent=4063"}],"wp:term":[{"taxonomy":"category","embeddable":true,"href":"https:\/\/prensapresidencialvenezuela.gob.ve\/index.php\/wp-json\/wp\/v2\/categories?post=4063"},{"taxonomy":"post_tag","embeddable":true,"href":"https:\/\/prensapresidencialvenezuela.gob.ve\/index.php\/wp-json\/wp\/v2\/tags?post=4063"}],"curies":[{"name":"wp","href":"https:\/\/api.w.org\/{rel}","templated":true}]}}