{"id":4082,"date":"2022-11-27T17:02:40","date_gmt":"2022-11-27T17:02:40","guid":{"rendered":"http:\/\/172.27.0.121\/?p=4082"},"modified":"2022-11-27T17:02:40","modified_gmt":"2022-11-27T17:02:40","slug":"4082","status":"publish","type":"post","link":"https:\/\/prensapresidencialvenezuela.gob.ve\/index.php\/2022\/11\/27\/4082\/","title":{"rendered":""},"content":{"rendered":"\n<p><strong>La principal conquista del pueblo venezolano es la paz<\/strong><\/p>\n\n\n\n<p><strong>Palacio de Miraflores, Caracas.- <\/strong>En un escenario caracterizado por fracasados intentos de dominaci\u00f3n, la principal conquista del pueblo venezolano es la paz, asever\u00f3 el presidente de la Rep\u00fablica, Nicol\u00e1s Maduro.<\/p>\n\n\n\n<p>\u201cHoy podemos decir que nuestra principal conquista es la paz que, junto a la independencia, constituye un patrimonio invaluable que debemos cuidar las 24 horas del d\u00eda, los 365 d\u00edas del a\u00f1o y por los siglos futuros hasta consolidar para siempre nuestra libertad\u201d, enfatiz\u00f3 durante su salutaci\u00f3n a prop\u00f3sito del 102\u00b0 aniversario de la Aviaci\u00f3n Militar Bolivariana y 30\u00b0 aniversario de la gesta c\u00edvico-militar del 27 de noviembre de 1992.<\/p>\n\n\n\n<p>Al destacar que \u201cpaz e independencia son la esencia de nuestra gesta contempor\u00e1nea\u201d, puntualiz\u00f3 que Venezuela respira \u201ctiempos de di\u00e1logo, de entendimiento, de recuperaci\u00f3n econ\u00f3mica y de sanaci\u00f3n de las heridas sociales de la guerra y el bloqueo\u201d como resultado de la inquebrantable unidad c\u00edvico-militar.<\/p>\n\n\n\n<p>\u201cEste es un tiempo que nadie nos regal\u00f3, al contrario, hemos ido forj\u00e1ndolo entre patriotas con esfuerzo, con firmeza, en contra de todas las adversidades, en contra de la guerra y de los intereses del imperialismo; ese es nuestro m\u00e9rito como uni\u00f3n c\u00edvico-militar\u201d, recalc\u00f3.<\/p>\n\n\n\n<p>En este sentido, el Jefe de Estado subray\u00f3 que la Revoluci\u00f3n Bolivariana se consolida como \u201cun ejemplo de democracia popular, protag\u00f3nica, participativa y directa que irradia con su moral a todo un continente que retoma hoy por hoy su camino de liberaci\u00f3n\u201d.<\/p>\n\n\n\n<p>\u201cNuestra diplomacia de paz, nuestro modelo democr\u00e1tico, nuestro modelo militar, nuestro pueblo organizado todos juntos son el pu\u00f1o que sostiene la espada de los padres fundadores de la Patria\u201d, afirm\u00f3.<\/p>\n\n\n\n<p><strong>Prensa Presidencial \/ Karelis Gonz\u00e1lez<\/strong><strong><\/strong><\/p>\n","protected":false},"excerpt":{"rendered":"<p>La principal conquista del pueblo venezolano es la paz Palacio de Miraflores, Caracas.- En un escenario caracterizado por fracasados intentos de dominaci\u00f3n, la principal conquista del pueblo venezolano es la paz, asever\u00f3 el presidente de la Rep\u00fablica, Nicol\u00e1s Maduro. \u201cHoy podemos decir que nuestra principal conquista es la paz que, junto a la independencia, constituye [&hellip;]<\/p>\n","protected":false},"author":6,"featured_media":4083,"comment_status":"open","ping_status":"open","sticky":false,"template":"","format":"standard","meta":{"footnotes":""},"categories":[18,7],"tags":[30,19,27,20],"class_list":["post-4082","post","type-post","status-publish","format-standard","has-post-thumbnail","hentry","category-noticias-principales","category-notas-de-prensa","tag-destacado","tag-nicolas-maduro","tag-revolucion-bolivariana","tag-venezuela"],"_links":{"self":[{"href":"https:\/\/prensapresidencialvenezuela.gob.ve\/index.php\/wp-json\/wp\/v2\/posts\/4082","targetHints":{"allow":["GET"]}}],"collection":[{"href":"https:\/\/prensapresidencialvenezuela.gob.ve\/index.php\/wp-json\/wp\/v2\/posts"}],"about":[{"href":"https:\/\/prensapresidencialvenezuela.gob.ve\/index.php\/wp-json\/wp\/v2\/types\/post"}],"author":[{"embeddable":true,"href":"https:\/\/prensapresidencialvenezuela.gob.ve\/index.php\/wp-json\/wp\/v2\/users\/6"}],"replies":[{"embeddable":true,"href":"https:\/\/prensapresidencialvenezuela.gob.ve\/index.php\/wp-json\/wp\/v2\/comments?post=4082"}],"version-history":[{"count":1,"href":"https:\/\/prensapresidencialvenezuela.gob.ve\/index.php\/wp-json\/wp\/v2\/posts\/4082\/revisions"}],"predecessor-version":[{"id":4084,"href":"https:\/\/prensapresidencialvenezuela.gob.ve\/index.php\/wp-json\/wp\/v2\/posts\/4082\/revisions\/4084"}],"wp:featuredmedia":[{"embeddable":true,"href":"https:\/\/prensapresidencialvenezuela.gob.ve\/index.php\/wp-json\/wp\/v2\/media\/4083"}],"wp:attachment":[{"href":"https:\/\/prensapresidencialvenezuela.gob.ve\/index.php\/wp-json\/wp\/v2\/media?parent=4082"}],"wp:term":[{"taxonomy":"category","embeddable":true,"href":"https:\/\/prensapresidencialvenezuela.gob.ve\/index.php\/wp-json\/wp\/v2\/categories?post=4082"},{"taxonomy":"post_tag","embeddable":true,"href":"https:\/\/prensapresidencialvenezuela.gob.ve\/index.php\/wp-json\/wp\/v2\/tags?post=4082"}],"curies":[{"name":"wp","href":"https:\/\/api.w.org\/{rel}","templated":true}]}}