{"id":4093,"date":"2022-11-29T22:58:23","date_gmt":"2022-11-29T22:58:23","guid":{"rendered":"http:\/\/172.27.0.121\/?p=4093"},"modified":"2022-12-01T22:47:56","modified_gmt":"2022-12-01T22:47:56","slug":"xv-fitven-ha-sido-la-mejor-en-su-estilo-tras-exitosos-resultados","status":"publish","type":"post","link":"https:\/\/prensapresidencialvenezuela.gob.ve\/index.php\/2022\/11\/29\/xv-fitven-ha-sido-la-mejor-en-su-estilo-tras-exitosos-resultados\/","title":{"rendered":"XV FITVEN ha sido la mejor en su estilo tras exitosos resultados"},"content":{"rendered":"\n<p><strong>Lecher\u00edas, estado Anzo\u00e1tegui. \u2013<\/strong>&nbsp;La Edici\u00f3n XV de la Feria Internacional de Turismo de Venezuela (FITVen 2022) ha sido la mejor en su estilo, tras arrojar los mejores resultados, logrando m\u00e1s de 200 intenciones de negocios con empresas vinculadas al sector tur\u00edstico nacional, enfatiz\u00f3 el presidente de la Rep\u00fablica Bolivariana de Venezuela, Nicol\u00e1s Maduro.<\/p>\n\n\n\n<p>En la clausura FITVen 2022 y entrega del Premio Nacional de Turismo, junto a invitados especiales, entre los que se cuentan representantes del cuerpo diplom\u00e1tico acreditado en el pa\u00eds, el Mandatario venezolano expres\u00f3 no tener ninguna duda de que \u201ces la mejor feria y la que ha arrojado los mejores resultados de las ferias internacionales\u201d, de todas las realizadas.<\/p>\n\n\n\n<p>Desde el Hotel Maremares, en Lecher\u00edas, calific\u00f3 esta Feria de \u201chermosa y exitosa\u201d y se\u00f1al\u00f3 que efectivamente \u201cesta FITVen nos deja una nueva y buena experiencia porque se est\u00e1 dando en el marco de la recuperaci\u00f3n econ\u00f3mica\u201d, del pa\u00eds.<\/p>\n\n\n\n<p>El gobernador del estado Anzo\u00e1tegui, Luis Jose Marcano, se pase\u00f3 por todo el trabajo que se ha realizado para llegar con feliz t\u00e9rmino de este encuentro internacional y destac\u00f3 que en todo este proceso se ha recuperado la confianza de todos los sectores vinculados al desarrollo tur\u00edstico en Anzo\u00e1tegui, lo que se traduce en nuevas inversiones, reactivaci\u00f3n de hoteles, funcionamiento de restaurante y el acercamiento de los inversionistas.<\/p>\n\n\n\n<p>Como alcance de la cita internacional, la autoridad regional exalt\u00f3 que \u201cse ha elevado el orgullo de ser de esta tierra. Nuestro estado Anzo\u00e1tegui, es un estado bendecido, y en materia tur\u00edstica tenemos la capacidad de echarlo adelante\u201d.<\/p>\n\n\n\n<p>De acuerdo con el ministro del Poder Popular para el Turismo, Al\u00ed Padr\u00f3n, con la FITVen 2022 se lograron \u201c213 intenciones de negocio con 182 empresas nacionales y extranjeras\u201d.<\/p>\n\n\n\n<p>La FITVen 2022 ha sido una feria enfocada en la rueda de negocios, la cual es el elemento estructural y desarrollador de procesos que tienen que ver con el turismo en el pa\u00eds en sus diversas formas.<\/p>\n\n\n\n<p>Los touroperadores se mostraron \u201cmuy interesados en la oferta de Venezuela. Pa\u00edses como Polonia, M\u00e9xico, Cuba, Argentina, una cantidad de naciones interesadas en el destino megadiverso y multidestino que presenta el pa\u00eds\u201d, detall\u00f3 Padr\u00f3n.<\/p>\n\n\n\n<p>En los pr\u00f3ximos meses se desarrollar\u00e1n ruedas de negocios, en funci\u00f3n de que el turismo tribute al desarrollo y que las ferias de turismo tengan como elemento principal este mecanismo.<\/p>\n\n\n\n<p>A su llegada a la Feria, el Jefe de Estado agradeci\u00f3 la participaci\u00f3n de la Asociaci\u00f3n de Estados de Asia, de la cual recibi\u00f3 las bendiciones del Dios de los Pueblos y del Amor.<\/p>\n\n\n\n<p>Valor\u00f3 igualmente que es primera vez que participa la CIAN Rusia \u2013 Venezuela, figura por medio de la cual ambas naciones impulsan \u00e1reas estrat\u00e9gicas, en lo econ\u00f3mico, comercial, transporte, industrial, crediticia \u2013 financiera y t\u00e9cnico militar, para dar continuidad a la cooperaci\u00f3n mutua que ha permitido a ambos pa\u00edses avanzar en diferentes \u00e1mbitos.<\/p>\n\n\n\n<p><strong>Prensa Presidencial\/ Anais P\u00e9rez<\/strong><\/p>\n","protected":false},"excerpt":{"rendered":"<p>Lecher\u00edas, estado Anzo\u00e1tegui. \u2013&nbsp;La Edici\u00f3n XV de la Feria Internacional de Turismo de Venezuela (FITVen 2022) ha sido la mejor en su estilo, tras arrojar los mejores resultados, logrando m\u00e1s de 200 intenciones de negocios con empresas vinculadas al sector tur\u00edstico nacional, enfatiz\u00f3 el presidente de la Rep\u00fablica Bolivariana de Venezuela, Nicol\u00e1s Maduro. En la [&hellip;]<\/p>\n","protected":false},"author":6,"featured_media":4094,"comment_status":"open","ping_status":"open","sticky":false,"template":"","format":"standard","meta":{"footnotes":""},"categories":[18,7],"tags":[84,19],"class_list":["post-4093","post","type-post","status-publish","format-standard","has-post-thumbnail","hentry","category-noticias-principales","category-notas-de-prensa","tag-fitven","tag-nicolas-maduro"],"_links":{"self":[{"href":"https:\/\/prensapresidencialvenezuela.gob.ve\/index.php\/wp-json\/wp\/v2\/posts\/4093","targetHints":{"allow":["GET"]}}],"collection":[{"href":"https:\/\/prensapresidencialvenezuela.gob.ve\/index.php\/wp-json\/wp\/v2\/posts"}],"about":[{"href":"https:\/\/prensapresidencialvenezuela.gob.ve\/index.php\/wp-json\/wp\/v2\/types\/post"}],"author":[{"embeddable":true,"href":"https:\/\/prensapresidencialvenezuela.gob.ve\/index.php\/wp-json\/wp\/v2\/users\/6"}],"replies":[{"embeddable":true,"href":"https:\/\/prensapresidencialvenezuela.gob.ve\/index.php\/wp-json\/wp\/v2\/comments?post=4093"}],"version-history":[{"count":1,"href":"https:\/\/prensapresidencialvenezuela.gob.ve\/index.php\/wp-json\/wp\/v2\/posts\/4093\/revisions"}],"predecessor-version":[{"id":4095,"href":"https:\/\/prensapresidencialvenezuela.gob.ve\/index.php\/wp-json\/wp\/v2\/posts\/4093\/revisions\/4095"}],"wp:featuredmedia":[{"embeddable":true,"href":"https:\/\/prensapresidencialvenezuela.gob.ve\/index.php\/wp-json\/wp\/v2\/media\/4094"}],"wp:attachment":[{"href":"https:\/\/prensapresidencialvenezuela.gob.ve\/index.php\/wp-json\/wp\/v2\/media?parent=4093"}],"wp:term":[{"taxonomy":"category","embeddable":true,"href":"https:\/\/prensapresidencialvenezuela.gob.ve\/index.php\/wp-json\/wp\/v2\/categories?post=4093"},{"taxonomy":"post_tag","embeddable":true,"href":"https:\/\/prensapresidencialvenezuela.gob.ve\/index.php\/wp-json\/wp\/v2\/tags?post=4093"}],"curies":[{"name":"wp","href":"https:\/\/api.w.org\/{rel}","templated":true}]}}