{"id":4150,"date":"2022-12-07T00:07:59","date_gmt":"2022-12-07T00:07:59","guid":{"rendered":"http:\/\/172.27.0.121\/?p=4150"},"modified":"2022-12-07T00:07:59","modified_gmt":"2022-12-07T00:07:59","slug":"presidente-llama-al-pueblo-a-sumarse-a-la-reconstruccion-nacional-rumbo-al-2030","status":"publish","type":"post","link":"https:\/\/prensapresidencialvenezuela.gob.ve\/index.php\/2022\/12\/07\/presidente-llama-al-pueblo-a-sumarse-a-la-reconstruccion-nacional-rumbo-al-2030\/","title":{"rendered":"Presidente llama al pueblo a sumarse a la reconstrucci\u00f3n nacional rumbo al 2030"},"content":{"rendered":"\n<p><strong>La Campi\u00f1a, Caracas.-<\/strong>&nbsp;El jefe de Estado venezolano, Nicol\u00e1s Maduro Moros, exhort\u00f3 este martes al pueblo rebelde y revolucionario a sumarse a la reconstrucci\u00f3n del pa\u00eds y avanzar en el renacimiento nacional, \u201crumbo al 2030 y m\u00e1s\u201d.<\/p>\n\n\n\n<p>En ese sentido, se\u00f1al\u00f3 que es de vital importancia refrescar la memoria y tener en cuenta los diferentes per\u00edodos por los que ha transitado la Revoluci\u00f3n Bolivariana.<\/p>\n\n\n\n<p>La primera etapa estuvo marcada&nbsp; por las rebeliones antiimperialistas y antiolig\u00e1rquicas \u201cde aquel 27 de febrero de 1989 y el 4 de febrero y 27 de noviembre de 1992, se derrotaron las \u00e9pocas neoliberales de los a\u00f1os 80 y 90, \u201clas cuales fueron respondidas con fuerza de rebeld\u00eda de nuestro pueblo\u201d.<\/p>\n\n\n\n<p>En esta misma l\u00ednea, se\u00f1al\u00f3 que la segunda etapa inici\u00f3 con la refundaci\u00f3n de la Patria, la cual arranc\u00f3 con el proceso constituyente de 1999, liderado por el Comandante Hugo Ch\u00e1vez.<\/p>\n\n\n\n<p>\u201cUn momento estelar cuando el pueblo conquist\u00f3 por fin el poder por la v\u00eda democr\u00e1tica y pac\u00edfica con un fin: fundar lo nuevo, una democracia participativa y protag\u00f3nica, un Estado social de justicia y de derecho\u201d, apunt\u00f3.<\/p>\n\n\n\n<p>Durante la segunda etapa se consolidaron grandes avances como la fundaci\u00f3n de las Misiones, que le daban al pueblo por primera vez en 100 a\u00f1os salud p\u00fablica, educaci\u00f3n gratuita y de calidad, vivienda digna, seguridad social y salarios dignos, explic\u00f3 el Presidente.<\/p>\n\n\n\n<p>La tercera etapa de la historia venezolana, se inici\u00f3 desde 2013 hasta el 2020, cuando el Comandante Hugo Ch\u00e1vez, \u201ccambia de paisaje y es la \u00e9poca donde los enemigos de nuestro pueblo y nuestra Patria concentraron todas las agresiones: la guerra econ\u00f3mica, los intentos de magnicidio, las guarimbas, el sabotaje el\u00e9ctrico y petrolero, la farsa de un gobierno paralelo, intentos de incursi\u00f3n militar, de invasi\u00f3n, conatos de todo tipo y amenazas de invasi\u00f3n imperialista\u201d.<\/p>\n\n\n\n<p>El Jefe de Estado calific\u00f3 que la tercera etapa de la Revoluci\u00f3n ha sido \u201cde aprendizajes, de unificaci\u00f3n del pueblo, de uni\u00f3n c\u00edvico \u2013 militar, de demostraci\u00f3n de coraje, de creatividad e innovaci\u00f3n\u201d, destac\u00f3.<\/p>\n\n\n\n<p>Al respecto, puntualiz\u00f3 que este ciclo est\u00e1 denominado como \u201cetapa de la resistencia\u201d, debido a que es el per\u00edodo \u201cen el que el pueblo responde con una \u00e9pica admirable, sin precedentes, en su lucha a favor de la paz, la soberan\u00eda nacional y la vida republicana\u201d.<\/p>\n\n\n\n<p>Al realizar un recorrido por la historia, el Dignatario identific\u00f3 la cuarta etapa marcada por las 3R.Nets rumbo al 2030, que se ha fortalecido por el esp\u00edritu revolucionario con el cual el pueblo venezolano ha enfrentado las sanciones y el bloqueo criminal, para permitir la construcci\u00f3n de una nueva cultura post petrolera y de independencia econ\u00f3mica, cient\u00edfica y tecnol\u00f3gica.<\/p>\n\n\n\n<p>\u201cEsta etapa es la que estamos viviendo hoy, la que estamos construyendo aqu\u00ed y ahora, bajo condiciones muy diferentes a las vividas y que se inici\u00f3 con la magia de la celebraci\u00f3n del Bicentenario de la batalla, de la campa\u00f1a y de la victoria de Carabobo\u201d.<\/p>\n\n\n\n<p>A pesar de las heridas sociales y econ\u00f3micas que ha experimentado la Naci\u00f3n suramericana, el a\u00f1o 2022 es el primer destello de lo que viene para Venezuela.<\/p>\n\n\n\n<p>\u201cSanaremos y curaremos nuestras heridas\u201d, dijo Maduro durante el acto de conmemoraci\u00f3n de los 20 a\u00f1os de la derrota del sabotaje petrolero.<\/p>\n\n\n\n<p>\u201cLes juro que Venezuela se recuperar\u00e1 plenamente, porque lo que viene es la Venezuela potencia, la Venezuela prospera de la m\u00e1xima felicidad social\u201d, concluy\u00f3.<\/p>\n\n\n\n<p><strong>Prensa Presidencial<\/strong><\/p>\n","protected":false},"excerpt":{"rendered":"<p>La Campi\u00f1a, Caracas.-&nbsp;El jefe de Estado venezolano, Nicol\u00e1s Maduro Moros, exhort\u00f3 este martes al pueblo rebelde y revolucionario a sumarse a la reconstrucci\u00f3n del pa\u00eds y avanzar en el renacimiento nacional, \u201crumbo al 2030 y m\u00e1s\u201d. En ese sentido, se\u00f1al\u00f3 que es de vital importancia refrescar la memoria y tener en cuenta los diferentes per\u00edodos [&hellip;]<\/p>\n","protected":false},"author":6,"featured_media":4151,"comment_status":"open","ping_status":"open","sticky":false,"template":"","format":"standard","meta":{"footnotes":""},"categories":[7],"tags":[],"class_list":["post-4150","post","type-post","status-publish","format-standard","has-post-thumbnail","hentry","category-notas-de-prensa"],"_links":{"self":[{"href":"https:\/\/prensapresidencialvenezuela.gob.ve\/index.php\/wp-json\/wp\/v2\/posts\/4150","targetHints":{"allow":["GET"]}}],"collection":[{"href":"https:\/\/prensapresidencialvenezuela.gob.ve\/index.php\/wp-json\/wp\/v2\/posts"}],"about":[{"href":"https:\/\/prensapresidencialvenezuela.gob.ve\/index.php\/wp-json\/wp\/v2\/types\/post"}],"author":[{"embeddable":true,"href":"https:\/\/prensapresidencialvenezuela.gob.ve\/index.php\/wp-json\/wp\/v2\/users\/6"}],"replies":[{"embeddable":true,"href":"https:\/\/prensapresidencialvenezuela.gob.ve\/index.php\/wp-json\/wp\/v2\/comments?post=4150"}],"version-history":[{"count":1,"href":"https:\/\/prensapresidencialvenezuela.gob.ve\/index.php\/wp-json\/wp\/v2\/posts\/4150\/revisions"}],"predecessor-version":[{"id":4152,"href":"https:\/\/prensapresidencialvenezuela.gob.ve\/index.php\/wp-json\/wp\/v2\/posts\/4150\/revisions\/4152"}],"wp:featuredmedia":[{"embeddable":true,"href":"https:\/\/prensapresidencialvenezuela.gob.ve\/index.php\/wp-json\/wp\/v2\/media\/4151"}],"wp:attachment":[{"href":"https:\/\/prensapresidencialvenezuela.gob.ve\/index.php\/wp-json\/wp\/v2\/media?parent=4150"}],"wp:term":[{"taxonomy":"category","embeddable":true,"href":"https:\/\/prensapresidencialvenezuela.gob.ve\/index.php\/wp-json\/wp\/v2\/categories?post=4150"},{"taxonomy":"post_tag","embeddable":true,"href":"https:\/\/prensapresidencialvenezuela.gob.ve\/index.php\/wp-json\/wp\/v2\/tags?post=4150"}],"curies":[{"name":"wp","href":"https:\/\/api.w.org\/{rel}","templated":true}]}}