{"id":4180,"date":"2022-12-08T21:02:33","date_gmt":"2022-12-08T21:02:33","guid":{"rendered":"http:\/\/172.27.0.121\/?p=4180"},"modified":"2022-12-08T21:02:33","modified_gmt":"2022-12-08T21:02:33","slug":"presidente-celebra-junto-al-pueblo-el-dia-de-la-lealtad-y-el-amor-al-comandante-hugo-chavez","status":"publish","type":"post","link":"https:\/\/prensapresidencialvenezuela.gob.ve\/index.php\/2022\/12\/08\/presidente-celebra-junto-al-pueblo-el-dia-de-la-lealtad-y-el-amor-al-comandante-hugo-chavez\/","title":{"rendered":"Presidente celebra junto al pueblo el D\u00eda de la Lealtad y el Amor al Comandante Hugo Ch\u00e1vez"},"content":{"rendered":"\n<p><strong>Palacio de Miraflores, Caracas.- <\/strong>Desde el Palacio de Miraflores, el presidente de la Rep\u00fablica Bolivariana de Venezuela, Nicol\u00e1s Maduro, se incorpora a la marcha del D\u00eda de la Lealtad y el Amor al comandante Hugo Ch\u00e1vez que tiene como destino el Cuartel de la Monta\u00f1a 4F, ubicado en la parroquia 23 de Enero de Caracas.<\/p>\n\n\n\n<p>El pueblo bolivariano, desde tempranas horas, se concentr\u00f3 en los alrededores de Plaza Venezuela para expresar su compromiso irrestricto con el legado del Comandante Supremo Hugo Ch\u00e1vez, quien pronunciara hace una d\u00e9cada su \u00faltima alocuci\u00f3n p\u00fablica, donde llam\u00f3 a la unidad de los patriotas y a respaldar a Nicol\u00e1s Maduro -de ocurrir una situaci\u00f3n sobrevenida- como conductor de los caminos de los venezolanos.<\/p>\n\n\n\n<p>A diez a\u00f1os de este hecho hist\u00f3rico que dio rumbo a un proceso irreversible de la Revoluci\u00f3n Bolivariana, m\u00e1s temprano, el Jefe de Estado resalt\u00f3 en su cuenta de la red social Twitter, @NicolasMaduro, la importancia de la proclama del Comandante Hugo Ch\u00e1vez.<\/p>\n\n\n\n<p>\u00abEn su \u00faltima proclama, el Comandante Ch\u00e1vez resumi\u00f3 el significado de la lucha revolucionaria: amar la Patria es defenderla en cualquier circunstancia. La lealtad a ese pensamiento, y el amor hacia nuestro L\u00edder Eterno, siguen intactos, palpitando en el coraz\u00f3n del Pueblo\u00bb, destac\u00f3.<\/p>\n\n\n\n<p><strong>Prensa Presidencial \/ Eduardo Hueck<\/strong><\/p>\n","protected":false},"excerpt":{"rendered":"<p>Palacio de Miraflores, Caracas.- Desde el Palacio de Miraflores, el presidente de la Rep\u00fablica Bolivariana de Venezuela, Nicol\u00e1s Maduro, se incorpora a la marcha del D\u00eda de la Lealtad y el Amor al comandante Hugo Ch\u00e1vez que tiene como destino el Cuartel de la Monta\u00f1a 4F, ubicado en la parroquia 23 de Enero de Caracas. [&hellip;]<\/p>\n","protected":false},"author":6,"featured_media":4181,"comment_status":"open","ping_status":"open","sticky":false,"template":"","format":"standard","meta":{"footnotes":""},"categories":[18,7,1],"tags":[30,19,27,20],"class_list":["post-4180","post","type-post","status-publish","format-standard","has-post-thumbnail","hentry","category-noticias-principales","category-notas-de-prensa","category-sin-categoria","tag-destacado","tag-nicolas-maduro","tag-revolucion-bolivariana","tag-venezuela"],"_links":{"self":[{"href":"https:\/\/prensapresidencialvenezuela.gob.ve\/index.php\/wp-json\/wp\/v2\/posts\/4180","targetHints":{"allow":["GET"]}}],"collection":[{"href":"https:\/\/prensapresidencialvenezuela.gob.ve\/index.php\/wp-json\/wp\/v2\/posts"}],"about":[{"href":"https:\/\/prensapresidencialvenezuela.gob.ve\/index.php\/wp-json\/wp\/v2\/types\/post"}],"author":[{"embeddable":true,"href":"https:\/\/prensapresidencialvenezuela.gob.ve\/index.php\/wp-json\/wp\/v2\/users\/6"}],"replies":[{"embeddable":true,"href":"https:\/\/prensapresidencialvenezuela.gob.ve\/index.php\/wp-json\/wp\/v2\/comments?post=4180"}],"version-history":[{"count":1,"href":"https:\/\/prensapresidencialvenezuela.gob.ve\/index.php\/wp-json\/wp\/v2\/posts\/4180\/revisions"}],"predecessor-version":[{"id":4182,"href":"https:\/\/prensapresidencialvenezuela.gob.ve\/index.php\/wp-json\/wp\/v2\/posts\/4180\/revisions\/4182"}],"wp:featuredmedia":[{"embeddable":true,"href":"https:\/\/prensapresidencialvenezuela.gob.ve\/index.php\/wp-json\/wp\/v2\/media\/4181"}],"wp:attachment":[{"href":"https:\/\/prensapresidencialvenezuela.gob.ve\/index.php\/wp-json\/wp\/v2\/media?parent=4180"}],"wp:term":[{"taxonomy":"category","embeddable":true,"href":"https:\/\/prensapresidencialvenezuela.gob.ve\/index.php\/wp-json\/wp\/v2\/categories?post=4180"},{"taxonomy":"post_tag","embeddable":true,"href":"https:\/\/prensapresidencialvenezuela.gob.ve\/index.php\/wp-json\/wp\/v2\/tags?post=4180"}],"curies":[{"name":"wp","href":"https:\/\/api.w.org\/{rel}","templated":true}]}}