{"id":4210,"date":"2022-12-12T21:34:52","date_gmt":"2022-12-12T21:34:52","guid":{"rendered":"http:\/\/172.27.0.121\/?p=4210"},"modified":"2022-12-12T21:34:52","modified_gmt":"2022-12-12T21:34:52","slug":"presidente-maduro-lidera-reunion-de-trabajo-con-alto-mando-de-la-revolucion","status":"publish","type":"post","link":"https:\/\/prensapresidencialvenezuela.gob.ve\/index.php\/2022\/12\/12\/presidente-maduro-lidera-reunion-de-trabajo-con-alto-mando-de-la-revolucion\/","title":{"rendered":"Presidente Maduro lidera reuni\u00f3n de trabajo con Alto Mando de la Revoluci\u00f3n"},"content":{"rendered":"\n<p><strong>La Casona, estado Miranda.-<\/strong> El presidente de la Rep\u00fablica, Nicol\u00e1s Maduro Moros, sostiene este lunes un importante encuentro de trabajo con el Alto Mando de la Revoluci\u00f3n, alcaldes y gobernadores, con el prop\u00f3sito de evaluar temas de inter\u00e9s nacional.<\/p>\n\n\n\n<p>Durante la jornada de trabajo que se realiz\u00f3 en la Casona Cultural \u201cAquiles Nazoa\u201d, ubicada en el estado Miranda, el Mandatario, revis\u00f3 la agenda de actividades enmarcadas dentro de las l\u00edneas de acci\u00f3n de la Nueva \u00c9poca de Transici\u00f3n al Socialismo (3R.Nets), para beneficio del pueblo venezolano.<\/p>\n\n\n\n<p>En reiteradas ocasiones, el Jefe de Estado, ha insistido en atender las necesidades de la poblaci\u00f3n, al tiempo que mantiene la lucha permanente contra lo que afecte el desarrollo de la Naci\u00f3n en los distintos \u00e1mbitos de trabajo.<\/p>\n\n\n\n<p>Acompa\u00f1an al Dignatario, Cilia Flores de Maduro, primera combatiente y diputada a la Asamblea Nacional (AN), Delcy Rodr\u00edguez, vicepresidenta Ejecutiva de la Rep\u00fablica, vicepresidentes sectoriales de Gobierno, la directiva del Partido Socialista Unido de Venezuela (PSUV), y el secretarios generales de los Partidos que conforman el Gran Polo Patri\u00f3tico (GPP) \u201cSim\u00f3n Bol\u00edvar\u201d, entreotras autoridades e invitados.<\/p>\n\n\n\n<p><strong>Prensa Presidencial\/Joelin Jim\u00e9nez<\/strong><\/p>\n","protected":false},"excerpt":{"rendered":"<p>La Casona, estado Miranda.- El presidente de la Rep\u00fablica, Nicol\u00e1s Maduro Moros, sostiene este lunes un importante encuentro de trabajo con el Alto Mando de la Revoluci\u00f3n, alcaldes y gobernadores, con el prop\u00f3sito de evaluar temas de inter\u00e9s nacional. Durante la jornada de trabajo que se realiz\u00f3 en la Casona Cultural \u201cAquiles Nazoa\u201d, ubicada en [&hellip;]<\/p>\n","protected":false},"author":6,"featured_media":4211,"comment_status":"open","ping_status":"open","sticky":false,"template":"","format":"standard","meta":{"footnotes":""},"categories":[18,7],"tags":[30,19,27,20],"class_list":["post-4210","post","type-post","status-publish","format-standard","has-post-thumbnail","hentry","category-noticias-principales","category-notas-de-prensa","tag-destacado","tag-nicolas-maduro","tag-revolucion-bolivariana","tag-venezuela"],"_links":{"self":[{"href":"https:\/\/prensapresidencialvenezuela.gob.ve\/index.php\/wp-json\/wp\/v2\/posts\/4210","targetHints":{"allow":["GET"]}}],"collection":[{"href":"https:\/\/prensapresidencialvenezuela.gob.ve\/index.php\/wp-json\/wp\/v2\/posts"}],"about":[{"href":"https:\/\/prensapresidencialvenezuela.gob.ve\/index.php\/wp-json\/wp\/v2\/types\/post"}],"author":[{"embeddable":true,"href":"https:\/\/prensapresidencialvenezuela.gob.ve\/index.php\/wp-json\/wp\/v2\/users\/6"}],"replies":[{"embeddable":true,"href":"https:\/\/prensapresidencialvenezuela.gob.ve\/index.php\/wp-json\/wp\/v2\/comments?post=4210"}],"version-history":[{"count":1,"href":"https:\/\/prensapresidencialvenezuela.gob.ve\/index.php\/wp-json\/wp\/v2\/posts\/4210\/revisions"}],"predecessor-version":[{"id":4212,"href":"https:\/\/prensapresidencialvenezuela.gob.ve\/index.php\/wp-json\/wp\/v2\/posts\/4210\/revisions\/4212"}],"wp:featuredmedia":[{"embeddable":true,"href":"https:\/\/prensapresidencialvenezuela.gob.ve\/index.php\/wp-json\/wp\/v2\/media\/4211"}],"wp:attachment":[{"href":"https:\/\/prensapresidencialvenezuela.gob.ve\/index.php\/wp-json\/wp\/v2\/media?parent=4210"}],"wp:term":[{"taxonomy":"category","embeddable":true,"href":"https:\/\/prensapresidencialvenezuela.gob.ve\/index.php\/wp-json\/wp\/v2\/categories?post=4210"},{"taxonomy":"post_tag","embeddable":true,"href":"https:\/\/prensapresidencialvenezuela.gob.ve\/index.php\/wp-json\/wp\/v2\/tags?post=4210"}],"curies":[{"name":"wp","href":"https:\/\/api.w.org\/{rel}","templated":true}]}}