{"id":4216,"date":"2022-12-13T01:18:26","date_gmt":"2022-12-13T01:18:26","guid":{"rendered":"http:\/\/172.27.0.121\/?p=4216"},"modified":"2022-12-13T01:18:26","modified_gmt":"2022-12-13T01:18:26","slug":"presidente-instruye-dinamizar-entrega-de-viviendas-a-poblacion-afectada-por-las-lluvias","status":"publish","type":"post","link":"https:\/\/prensapresidencialvenezuela.gob.ve\/index.php\/2022\/12\/13\/presidente-instruye-dinamizar-entrega-de-viviendas-a-poblacion-afectada-por-las-lluvias\/","title":{"rendered":"Presidente instruye dinamizar entrega de viviendas a poblaci\u00f3n afectada por las lluvias"},"content":{"rendered":"\n<p><strong>La Casona Cultural, Caracas. &#8211;<\/strong> El presidente de la Rep\u00fablica Bolivariana de Venezuela, Nicol\u00e1s Maduro, instruy\u00f3 este lunes dinamizar y dar respuesta a toda la poblaci\u00f3n que fue impactado negativamente con las lluvias entre los meses de octubre y noviembre de este a\u00f1o, a consecuencia de las cuales perdieron sus casas.<\/p>\n\n\n\n<p>Aunque valor\u00f3 que se ha cumplido una labor extraordinaria en la recuperaci\u00f3n del pueblo de Las Tejer\u00edas, El Casta\u00f1o, del estado Aragua, as\u00ed como M\u00e9rida, T\u00e1chira, Zulia, La Guaira, Sucre, Monagas y Bol\u00edvar,.<\/p>\n\n\n\n<p>En este sentido, el Dignatario nacional asever\u00f3 que a todas las familias que perdieron sus casas \u201ctenemos que cumplirles y entregarles su techo seguro con su propiedad y seguridad, con la Gran Misi\u00f3n Vivienda Venezuela (GMVV)\u201d.&nbsp;<br><br><strong>Entrega de la vivienda 4 millones 300 mil<\/strong>&nbsp;<\/p>\n\n\n\n<p>El Jefe de Estado tambi\u00e9n anunci\u00f3 que \u201cesta semana llegamos y voy a entregar la vivienda 4 millones 300 mil, rumbo a 5 millones o m\u00e1s\u201d.<\/p>\n\n\n\n<p>Estas palabras las emiti\u00f3 al referirse al plan de acci\u00f3n de Gobierno Nacional para abordar y restablecer todos los sitios que fueron afectados por las lluvias, en los meses de octubre y noviembre, cuando se registraron \u201clluvias torrenciales y las tragedias\u201d en diversas zonas del pa\u00eds, a donde el gobierno ha ido a ayudar y a \u201cabrazar al pueblo\u201d.<\/p>\n\n\n\n<p><strong>Prensa Presidencial\/ Anais P\u00e9rez<\/strong><\/p>\n","protected":false},"excerpt":{"rendered":"<p>La Casona Cultural, Caracas. &#8211; El presidente de la Rep\u00fablica Bolivariana de Venezuela, Nicol\u00e1s Maduro, instruy\u00f3 este lunes dinamizar y dar respuesta a toda la poblaci\u00f3n que fue impactado negativamente con las lluvias entre los meses de octubre y noviembre de este a\u00f1o, a consecuencia de las cuales perdieron sus casas. Aunque valor\u00f3 que se [&hellip;]<\/p>\n","protected":false},"author":6,"featured_media":4217,"comment_status":"open","ping_status":"open","sticky":false,"template":"","format":"standard","meta":{"footnotes":""},"categories":[18,7],"tags":[30,19,27,20],"class_list":["post-4216","post","type-post","status-publish","format-standard","has-post-thumbnail","hentry","category-noticias-principales","category-notas-de-prensa","tag-destacado","tag-nicolas-maduro","tag-revolucion-bolivariana","tag-venezuela"],"_links":{"self":[{"href":"https:\/\/prensapresidencialvenezuela.gob.ve\/index.php\/wp-json\/wp\/v2\/posts\/4216","targetHints":{"allow":["GET"]}}],"collection":[{"href":"https:\/\/prensapresidencialvenezuela.gob.ve\/index.php\/wp-json\/wp\/v2\/posts"}],"about":[{"href":"https:\/\/prensapresidencialvenezuela.gob.ve\/index.php\/wp-json\/wp\/v2\/types\/post"}],"author":[{"embeddable":true,"href":"https:\/\/prensapresidencialvenezuela.gob.ve\/index.php\/wp-json\/wp\/v2\/users\/6"}],"replies":[{"embeddable":true,"href":"https:\/\/prensapresidencialvenezuela.gob.ve\/index.php\/wp-json\/wp\/v2\/comments?post=4216"}],"version-history":[{"count":1,"href":"https:\/\/prensapresidencialvenezuela.gob.ve\/index.php\/wp-json\/wp\/v2\/posts\/4216\/revisions"}],"predecessor-version":[{"id":4218,"href":"https:\/\/prensapresidencialvenezuela.gob.ve\/index.php\/wp-json\/wp\/v2\/posts\/4216\/revisions\/4218"}],"wp:featuredmedia":[{"embeddable":true,"href":"https:\/\/prensapresidencialvenezuela.gob.ve\/index.php\/wp-json\/wp\/v2\/media\/4217"}],"wp:attachment":[{"href":"https:\/\/prensapresidencialvenezuela.gob.ve\/index.php\/wp-json\/wp\/v2\/media?parent=4216"}],"wp:term":[{"taxonomy":"category","embeddable":true,"href":"https:\/\/prensapresidencialvenezuela.gob.ve\/index.php\/wp-json\/wp\/v2\/categories?post=4216"},{"taxonomy":"post_tag","embeddable":true,"href":"https:\/\/prensapresidencialvenezuela.gob.ve\/index.php\/wp-json\/wp\/v2\/tags?post=4216"}],"curies":[{"name":"wp","href":"https:\/\/api.w.org\/{rel}","templated":true}]}}