{"id":4228,"date":"2022-12-13T02:34:10","date_gmt":"2022-12-13T02:34:10","guid":{"rendered":"http:\/\/172.27.0.121\/?p=4228"},"modified":"2022-12-13T02:34:10","modified_gmt":"2022-12-13T02:34:10","slug":"presidente-maduro-recibe-a-los-ganadores-del-clasico-internacional-del-caribe","status":"publish","type":"post","link":"https:\/\/prensapresidencialvenezuela.gob.ve\/index.php\/2022\/12\/13\/presidente-maduro-recibe-a-los-ganadores-del-clasico-internacional-del-caribe\/","title":{"rendered":"Presidente Maduro recibe a los ganadores del Cl\u00e1sico Internacional del Caribe"},"content":{"rendered":"\n<p>En el encuentro que se desarrolla en el Palacio de Miraflores, participan Pascacio \u201cPaco\u201d L\u00f3pez (M\u00e9xico) 1\u00ba lugar, Emisael Jaramillo (Venezuela) 2\u00ba lugar y al entrenador ganador, \u00d3scar Manuel Gonz\u00e1lez (Venezuela).<\/p>\n\n\n\n<p>Asimismo, intervienen los jockeys Irad Ortiz Jr. y Jos\u00e9 Luis Ortiz ambos puertorrique\u00f1os, y los venezolanos Jos\u00e9 Javier Castellano y Abel Castellano, este \u00faltimo quien se desempe\u00f1a como entrenador de caballos.<\/p>\n\n\n\n<p>El cl\u00e1sico h\u00edpico en su 56\u00ba aniversario rindi\u00f3 homenaje al presidente de la Confederaci\u00f3n H\u00edpica del Caribe (CHDC) \u00abAlberto Paz Rodr\u00edguez\u00bb, en este evento los ejemplares Iniesta, Lyndacarter, Amelazado, King Ponchi, demostraron su resistencia al competir en una distancia de 1.800 metros.<\/p>\n\n\n\n<p>La naci\u00f3n venezolana ha sido sede del Cl\u00e1sico Internacional del Caribe en 10 oportunidades, en las que se han obtenido 14 triunfos, una cifra que la coloca como el segundo pa\u00eds m\u00e1s ganador del certamen.<\/p>\n\n\n\n<p>En el \u00faltimo evento celebrado en el territorio para el a\u00f1o 2014, el&nbsp; jinete Emisael Jaramillo gan\u00f3 junto a la pura sangre Ninfa del Cielo.<\/p>\n\n\n\n<p><strong>Prensa Presidencial \/ Eduardo Hueck<\/strong><\/p>\n","protected":false},"excerpt":{"rendered":"<p>En el encuentro que se desarrolla en el Palacio de Miraflores, participan Pascacio \u201cPaco\u201d L\u00f3pez (M\u00e9xico) 1\u00ba lugar, Emisael Jaramillo (Venezuela) 2\u00ba lugar y al entrenador ganador, \u00d3scar Manuel Gonz\u00e1lez (Venezuela). Asimismo, intervienen los jockeys Irad Ortiz Jr. y Jos\u00e9 Luis Ortiz ambos puertorrique\u00f1os, y los venezolanos Jos\u00e9 Javier Castellano y Abel Castellano, este \u00faltimo [&hellip;]<\/p>\n","protected":false},"author":6,"featured_media":4229,"comment_status":"open","ping_status":"open","sticky":false,"template":"","format":"standard","meta":{"footnotes":""},"categories":[18,7],"tags":[30,19,27,20],"class_list":["post-4228","post","type-post","status-publish","format-standard","has-post-thumbnail","hentry","category-noticias-principales","category-notas-de-prensa","tag-destacado","tag-nicolas-maduro","tag-revolucion-bolivariana","tag-venezuela"],"_links":{"self":[{"href":"https:\/\/prensapresidencialvenezuela.gob.ve\/index.php\/wp-json\/wp\/v2\/posts\/4228","targetHints":{"allow":["GET"]}}],"collection":[{"href":"https:\/\/prensapresidencialvenezuela.gob.ve\/index.php\/wp-json\/wp\/v2\/posts"}],"about":[{"href":"https:\/\/prensapresidencialvenezuela.gob.ve\/index.php\/wp-json\/wp\/v2\/types\/post"}],"author":[{"embeddable":true,"href":"https:\/\/prensapresidencialvenezuela.gob.ve\/index.php\/wp-json\/wp\/v2\/users\/6"}],"replies":[{"embeddable":true,"href":"https:\/\/prensapresidencialvenezuela.gob.ve\/index.php\/wp-json\/wp\/v2\/comments?post=4228"}],"version-history":[{"count":1,"href":"https:\/\/prensapresidencialvenezuela.gob.ve\/index.php\/wp-json\/wp\/v2\/posts\/4228\/revisions"}],"predecessor-version":[{"id":4230,"href":"https:\/\/prensapresidencialvenezuela.gob.ve\/index.php\/wp-json\/wp\/v2\/posts\/4228\/revisions\/4230"}],"wp:featuredmedia":[{"embeddable":true,"href":"https:\/\/prensapresidencialvenezuela.gob.ve\/index.php\/wp-json\/wp\/v2\/media\/4229"}],"wp:attachment":[{"href":"https:\/\/prensapresidencialvenezuela.gob.ve\/index.php\/wp-json\/wp\/v2\/media?parent=4228"}],"wp:term":[{"taxonomy":"category","embeddable":true,"href":"https:\/\/prensapresidencialvenezuela.gob.ve\/index.php\/wp-json\/wp\/v2\/categories?post=4228"},{"taxonomy":"post_tag","embeddable":true,"href":"https:\/\/prensapresidencialvenezuela.gob.ve\/index.php\/wp-json\/wp\/v2\/tags?post=4228"}],"curies":[{"name":"wp","href":"https:\/\/api.w.org\/{rel}","templated":true}]}}