{"id":4248,"date":"2022-12-14T20:57:15","date_gmt":"2022-12-14T20:57:15","guid":{"rendered":"http:\/\/172.27.0.121\/?p=4248"},"modified":"2022-12-14T20:57:15","modified_gmt":"2022-12-14T20:57:15","slug":"alba-debe-demostrar-en-la-practica-que-es-una-alianza-para-el-desarrollo","status":"publish","type":"post","link":"https:\/\/prensapresidencialvenezuela.gob.ve\/index.php\/2022\/12\/14\/alba-debe-demostrar-en-la-practica-que-es-una-alianza-para-el-desarrollo\/","title":{"rendered":"ALBA debe demostrar en la pr\u00e1ctica que es una alianza para el desarrollo"},"content":{"rendered":"\n<p><strong>La Habana, Cuba. &#8211;<\/strong> Cada vez m\u00e1s la Alianza Bolivariana para los Pueblos de Nuestra Am\u00e9rica (ALBA) debe demostrar en la pr\u00e1ctica que es una alianza para el desarrollo, la paz, la igualdad, el progreso y de vanguardia, sentenci\u00f3 el presidente de la Rep\u00fablica Bolivariana de Venezuela, Nicol\u00e1s Maduro.<\/p>\n\n\n\n<p>En la Sesi\u00f3n Extraordinaria de la Asamblea Nacional del Poder Popular en conmemoraci\u00f3n del 18 Aniversario del ALBA-TCP, el jefe de Estado venezolano enfatiz\u00f3 que a dicho llamado hay que responder permanentemente, porque los ataques contra el bloque unionistas responden gracias a que \u201cestamos, precisamente, en la vanguardia\u201d.<\/p>\n\n\n\n<p>En sus palabras, el Mandatario venezolano record\u00f3 al comandante Ch\u00e1vez, quien instru\u00eda que para hacer vanguardia hab\u00eda que prepararse y quien estaba en una vanguardia era igual al quien estaba \u201cen una guerra y va de primero, y es el que recibe los primeros balazos, sablazos y ataques\u201d.<\/p>\n\n\n\n<p>\u201cEl que va adelante tiene que estar preparado no solo para abrir caminos, sino para resistir firmemente cualquier investida de los enemigos de la independencia, la soberan\u00eda y el derecho a la felicidad de los pueblos\u201d, alert\u00f3 Nicol\u00e1s Maduro.<\/p>\n\n\n\n<p>El presidente venezolano no dud\u00f3 al se\u00f1alar a los pueblos y movimientos populares de Am\u00e9rica Latina y del Caribe, que el mecanismo integrador ALABA se orienta orgullosamente decidido a seguir a la vanguardia de la lucha por la igualdad, la plena felicidad de los pueblos y una uni\u00f3n cada vez m\u00e1s enfocada en la acci\u00f3n.<\/p>\n\n\n\n<p>Explic\u00f3 que el objetivo a alcanzar es el \u201clogro de resultados, llevar una mejor vida a nuestros pueblos, una uni\u00f3n basada en principios libertadores, revolucionarios, pero una uni\u00f3n, sobre todo, que tome en cuenta las necesidades de nuestros pueblos, los derechos de nuestros pueblos y las soluciones a las necesidades y de derechos de nuestros pueblos\u201d.<\/p>\n\n\n\n<p>\u201cEl ALBA a 18 a\u00f1os pica y se extiende\u201d, puntualiz\u00f3 el Dignatario nacional, quien se encuentra en la naci\u00f3n hermana para participar en la XXII Cumbre de Jefes de Estado y de Gobierno de la Alianza Bolivariana para los Pueblos de Nuestra Am\u00e9rica \u2013 Tratado de Comercio de los Pueblos (ALBA-TCP).<\/p>\n\n\n\n<p><strong>Prensa Presidencial \/ Ana\u00eds P\u00e9rez<\/strong><\/p>\n","protected":false},"excerpt":{"rendered":"<p>La Habana, Cuba. &#8211; Cada vez m\u00e1s la Alianza Bolivariana para los Pueblos de Nuestra Am\u00e9rica (ALBA) debe demostrar en la pr\u00e1ctica que es una alianza para el desarrollo, la paz, la igualdad, el progreso y de vanguardia, sentenci\u00f3 el presidente de la Rep\u00fablica Bolivariana de Venezuela, Nicol\u00e1s Maduro. En la Sesi\u00f3n Extraordinaria de la [&hellip;]<\/p>\n","protected":false},"author":6,"featured_media":4249,"comment_status":"open","ping_status":"open","sticky":false,"template":"","format":"standard","meta":{"footnotes":""},"categories":[18,7],"tags":[30,19,27,20],"class_list":["post-4248","post","type-post","status-publish","format-standard","has-post-thumbnail","hentry","category-noticias-principales","category-notas-de-prensa","tag-destacado","tag-nicolas-maduro","tag-revolucion-bolivariana","tag-venezuela"],"_links":{"self":[{"href":"https:\/\/prensapresidencialvenezuela.gob.ve\/index.php\/wp-json\/wp\/v2\/posts\/4248","targetHints":{"allow":["GET"]}}],"collection":[{"href":"https:\/\/prensapresidencialvenezuela.gob.ve\/index.php\/wp-json\/wp\/v2\/posts"}],"about":[{"href":"https:\/\/prensapresidencialvenezuela.gob.ve\/index.php\/wp-json\/wp\/v2\/types\/post"}],"author":[{"embeddable":true,"href":"https:\/\/prensapresidencialvenezuela.gob.ve\/index.php\/wp-json\/wp\/v2\/users\/6"}],"replies":[{"embeddable":true,"href":"https:\/\/prensapresidencialvenezuela.gob.ve\/index.php\/wp-json\/wp\/v2\/comments?post=4248"}],"version-history":[{"count":1,"href":"https:\/\/prensapresidencialvenezuela.gob.ve\/index.php\/wp-json\/wp\/v2\/posts\/4248\/revisions"}],"predecessor-version":[{"id":4250,"href":"https:\/\/prensapresidencialvenezuela.gob.ve\/index.php\/wp-json\/wp\/v2\/posts\/4248\/revisions\/4250"}],"wp:featuredmedia":[{"embeddable":true,"href":"https:\/\/prensapresidencialvenezuela.gob.ve\/index.php\/wp-json\/wp\/v2\/media\/4249"}],"wp:attachment":[{"href":"https:\/\/prensapresidencialvenezuela.gob.ve\/index.php\/wp-json\/wp\/v2\/media?parent=4248"}],"wp:term":[{"taxonomy":"category","embeddable":true,"href":"https:\/\/prensapresidencialvenezuela.gob.ve\/index.php\/wp-json\/wp\/v2\/categories?post=4248"},{"taxonomy":"post_tag","embeddable":true,"href":"https:\/\/prensapresidencialvenezuela.gob.ve\/index.php\/wp-json\/wp\/v2\/tags?post=4248"}],"curies":[{"name":"wp","href":"https:\/\/api.w.org\/{rel}","templated":true}]}}