{"id":4258,"date":"2022-12-17T00:20:52","date_gmt":"2022-12-17T00:20:52","guid":{"rendered":"http:\/\/172.27.0.121\/?p=4258"},"modified":"2022-12-17T00:20:52","modified_gmt":"2022-12-17T00:20:52","slug":"presidente-se-reune-con-dirigentes-del-partido-opositor-fuerza-vecinal","status":"publish","type":"post","link":"https:\/\/prensapresidencialvenezuela.gob.ve\/index.php\/2022\/12\/17\/presidente-se-reune-con-dirigentes-del-partido-opositor-fuerza-vecinal\/","title":{"rendered":"Presidente se re\u00fane con dirigentes del partido opositor Fuerza Vecinal"},"content":{"rendered":"\n<p><strong>Palacio de Miraflores, Caracas. &#8211;<\/strong> El presidente de la Rep\u00fablica Bolivariana de Venezuela, Nicol\u00e1s Maduro, se reuni\u00f3 este viernes en el Palacio de Miraflores con representantes del partido pol\u00edtico de oposici\u00f3n Fuerza Vecinal.<\/p>\n\n\n\n<p>El encuentro se inscribe en el di\u00e1logo que promueve el Gobierno Bolivariano con las oposiciones del pa\u00eds.<\/p>\n\n\n\n<p>El jefe de Estado ha sido enf\u00e1tico al decir que el di\u00e1logo con los representantes de las oposiciones permite avanzar por caminos de entendimiento.<\/p>\n\n\n\n<p>\u201cNos encaminamos definitivamente hacia el bienestar y la estabilidad\u00bb, ha se\u00f1alado el Dignatario venezolano sobre estos encuentros en medio de la diversidad del pensamiento.<\/p>\n\n\n\n<p>En el encuentro estuvieron presentes por parte de la organizaci\u00f3n pol\u00edtica Fuerza Vecinal el vocero nacionaly alcalde del municipio Chacao, estado Miranda, Gustavo Duque.<\/p>\n\n\n\n<p>Tambi\u00e9n asisti\u00f3 el vocero nacional y alcalde del municipio Baruta, David Uzc\u00e1tegui; el alcalde del municipio Maneiro (Pampatar), estado Nueva Esparta, Morel David Rodr\u00edguez y el alcalde municipio Diego Bautista Urbaneja (Lecher\u00eda), estado Anzo\u00e1tegui, Manuel Ferreira.<\/p>\n\n\n\n<p>El Coordinador Nacional de la Fuerza Sindical del partido pol\u00edtico \u201cFuerza Vecinal\u201d, Pablo Zambrano, &nbsp;y la coordinadora nacional de la Fuerza de Mujeres del partido pol\u00edtico, Rosiris Toro.<\/p>\n\n\n\n<p><strong>Prensa Presidencial \/ Ana\u00eds P\u00e9rez<\/strong><\/p>\n","protected":false},"excerpt":{"rendered":"<p>Palacio de Miraflores, Caracas. &#8211; El presidente de la Rep\u00fablica Bolivariana de Venezuela, Nicol\u00e1s Maduro, se reuni\u00f3 este viernes en el Palacio de Miraflores con representantes del partido pol\u00edtico de oposici\u00f3n Fuerza Vecinal. El encuentro se inscribe en el di\u00e1logo que promueve el Gobierno Bolivariano con las oposiciones del pa\u00eds. El jefe de Estado ha [&hellip;]<\/p>\n","protected":false},"author":6,"featured_media":4259,"comment_status":"open","ping_status":"open","sticky":false,"template":"","format":"standard","meta":{"footnotes":""},"categories":[18,7],"tags":[30,19,27,20],"class_list":["post-4258","post","type-post","status-publish","format-standard","has-post-thumbnail","hentry","category-noticias-principales","category-notas-de-prensa","tag-destacado","tag-nicolas-maduro","tag-revolucion-bolivariana","tag-venezuela"],"_links":{"self":[{"href":"https:\/\/prensapresidencialvenezuela.gob.ve\/index.php\/wp-json\/wp\/v2\/posts\/4258","targetHints":{"allow":["GET"]}}],"collection":[{"href":"https:\/\/prensapresidencialvenezuela.gob.ve\/index.php\/wp-json\/wp\/v2\/posts"}],"about":[{"href":"https:\/\/prensapresidencialvenezuela.gob.ve\/index.php\/wp-json\/wp\/v2\/types\/post"}],"author":[{"embeddable":true,"href":"https:\/\/prensapresidencialvenezuela.gob.ve\/index.php\/wp-json\/wp\/v2\/users\/6"}],"replies":[{"embeddable":true,"href":"https:\/\/prensapresidencialvenezuela.gob.ve\/index.php\/wp-json\/wp\/v2\/comments?post=4258"}],"version-history":[{"count":1,"href":"https:\/\/prensapresidencialvenezuela.gob.ve\/index.php\/wp-json\/wp\/v2\/posts\/4258\/revisions"}],"predecessor-version":[{"id":4260,"href":"https:\/\/prensapresidencialvenezuela.gob.ve\/index.php\/wp-json\/wp\/v2\/posts\/4258\/revisions\/4260"}],"wp:featuredmedia":[{"embeddable":true,"href":"https:\/\/prensapresidencialvenezuela.gob.ve\/index.php\/wp-json\/wp\/v2\/media\/4259"}],"wp:attachment":[{"href":"https:\/\/prensapresidencialvenezuela.gob.ve\/index.php\/wp-json\/wp\/v2\/media?parent=4258"}],"wp:term":[{"taxonomy":"category","embeddable":true,"href":"https:\/\/prensapresidencialvenezuela.gob.ve\/index.php\/wp-json\/wp\/v2\/categories?post=4258"},{"taxonomy":"post_tag","embeddable":true,"href":"https:\/\/prensapresidencialvenezuela.gob.ve\/index.php\/wp-json\/wp\/v2\/tags?post=4258"}],"curies":[{"name":"wp","href":"https:\/\/api.w.org\/{rel}","templated":true}]}}