{"id":4273,"date":"2022-12-20T18:43:00","date_gmt":"2022-12-20T18:43:00","guid":{"rendered":"http:\/\/172.27.0.121\/?p=4273"},"modified":"2022-12-20T22:53:05","modified_gmt":"2022-12-20T22:53:05","slug":"presidente-recibe-en-miraflores-a-vice-primera-ministra-y-canciller-de-namibia","status":"publish","type":"post","link":"https:\/\/prensapresidencialvenezuela.gob.ve\/index.php\/2022\/12\/20\/presidente-recibe-en-miraflores-a-vice-primera-ministra-y-canciller-de-namibia\/","title":{"rendered":"Presidente recibe en Miraflores a vice primera ministra y canciller de Namibia"},"content":{"rendered":"\n<p><strong>Palacio de Miraflores, Caracas.-&nbsp;<\/strong>A fin de fortalecer la cooperaci\u00f3n bilateral, el presidente de la Rep\u00fablica Bolivariana de Venezuela, Nicol\u00e1s Maduro, recibe en el Palacio de Miraflores, en Caracas, a la vice primera ministra y ministra de Relaciones Internacionales y de Cooperaci\u00f3n de la Rep\u00fablica de Namibia, Netumbo Nandi-Ndaitwah, quien atiende una agenda de trabajo con el Gobierno Bolivariano en suelo venezolano.<\/p>\n\n\n\n<p>Desde su arribo al pa\u00eds, el domingo 18 de diciembre, la funcionaria namibia ha sostenido encuentros con autoridades venezolanas, entre estas, la vicepresidenta Ejecutiva la Rep\u00fablica, Delcy Rodr\u00edguez, con quien lider\u00f3 una reuni\u00f3n de trabajo con el objetivo de profundizar las relaciones estrat\u00e9gicas y dar impulso a la agenda de cooperaci\u00f3n que mantienen ambos pa\u00edses.<\/p>\n\n\n\n<p>Ambas revisaron los acuerdos como parte de los motores de la agenda econ\u00f3mica, toda vez que las naciones promueven mecanismos de cooperaci\u00f3n que abarca las \u00e1reas de energ\u00edas, miner\u00eda, ciencias y cultura.<\/p>\n\n\n\n<p>Netumbo Nandi-Ndaitwah tambi\u00e9n se reuni\u00f3 con el ministro para Agricultura Productiva y Tierras, Wilmar Castro, para estudiar un mecanismo de cooperaci\u00f3n enfocado en el intercambio de experiencias en pro de la seguridad agroalimentaria.<\/p>\n\n\n\n<p>En el encuentro se analiz\u00f3 la posibilidad de implementar en Namibia algunos de los programas puestos en marcha por el Gobierno venezolano en el sector agr\u00edcola, en favor de la seguridad y soberan\u00eda agroalimentaria.<\/p>\n\n\n\n<p>Netumbo Nandi-Ndaitwah naci\u00f3 el 29 de octubre de 1952 en la regi\u00f3n de Oshana, situada al norte del pa\u00eds y desde muy joven se une al partido Organizaci\u00f3n del Pueblo de \u00c1frica del Sudoeste (1966) y solo tres a\u00f1os despu\u00e9s fue nombrada Presidenta de la \u201cSwapoYouthLeague\u201d en el norte de Namibia.<\/p>\n\n\n\n<p>Entre 1978 y 1980 fue la m\u00e1xima representante de Swapo en \u00c1frica Centraly en \u00c1frica Oriental entre 1980 y 1986.<\/p>\n\n\n\n<p>En 1990 se convierte en miembro de la Asamblea Nacional. Se ha desempe\u00f1ado como Viceministra de Asuntos Exteriores (1990-1996), Directora General con rango de ministerial del Departamento de Igualdad de la Oficina del Presidente de la Rep\u00fablica (1996-2000), Ministra de Igualdad y Bienestar de la Infancia (2000-2005), Ministra de Informaci\u00f3n y Medios de Comunicaci\u00f3n (2005-2008), Ministra de Medio Ambiente y Turismo (2008-2012) y MinistradeAsuntosExteriores (desde 2012).<\/p>\n\n\n\n<p><strong>Contexto diplom\u00e1tico<\/strong><\/p>\n\n\n\n<p>Venezuela y Namibia establecieron relaciones diplom\u00e1ticas desde el 22 de mayo de 1990. Desde entonces, han suscrito 11 mecanismos de cooperaci\u00f3n que incluyen \u00e1reas estrat\u00e9gicas como energ\u00eda, miner\u00eda, ciencia y cultura.<\/p>\n\n\n\n<p>Con la llegada al poder del Comandante Hugo Ch\u00e1vez, estas relaciones se profundizaron, bajo la visi\u00f3n de la Agenda \u00c1frica como un innovador formato de pol\u00edtica exterior impulsado por el mandatario, que daba reconocimiento a los pa\u00edses de la Madre \u00c1frica.<\/p>\n\n\n\n<p>Actualmente, el Gobierno Bolivariano, liderado por el presidente Nicol\u00e1s Maduro, ha fortalecido estas relaciones, a trav\u00e9s de la Diplomacia Bolivariana de Paz, manteniendo el respeto mutuo.<\/p>\n\n\n\n<p><strong>Prensa Presidencial \/ Ana\u00eds P\u00e9rez<\/strong><\/p>\n","protected":false},"excerpt":{"rendered":"<p>Palacio de Miraflores, Caracas.-&nbsp;A fin de fortalecer la cooperaci\u00f3n bilateral, el presidente de la Rep\u00fablica Bolivariana de Venezuela, Nicol\u00e1s Maduro, recibe en el Palacio de Miraflores, en Caracas, a la vice primera ministra y ministra de Relaciones Internacionales y de Cooperaci\u00f3n de la Rep\u00fablica de Namibia, Netumbo Nandi-Ndaitwah, quien atiende una agenda de trabajo con [&hellip;]<\/p>\n","protected":false},"author":6,"featured_media":4274,"comment_status":"open","ping_status":"open","sticky":false,"template":"","format":"standard","meta":{"footnotes":""},"categories":[7],"tags":[19],"class_list":["post-4273","post","type-post","status-publish","format-standard","has-post-thumbnail","hentry","category-notas-de-prensa","tag-nicolas-maduro"],"_links":{"self":[{"href":"https:\/\/prensapresidencialvenezuela.gob.ve\/index.php\/wp-json\/wp\/v2\/posts\/4273","targetHints":{"allow":["GET"]}}],"collection":[{"href":"https:\/\/prensapresidencialvenezuela.gob.ve\/index.php\/wp-json\/wp\/v2\/posts"}],"about":[{"href":"https:\/\/prensapresidencialvenezuela.gob.ve\/index.php\/wp-json\/wp\/v2\/types\/post"}],"author":[{"embeddable":true,"href":"https:\/\/prensapresidencialvenezuela.gob.ve\/index.php\/wp-json\/wp\/v2\/users\/6"}],"replies":[{"embeddable":true,"href":"https:\/\/prensapresidencialvenezuela.gob.ve\/index.php\/wp-json\/wp\/v2\/comments?post=4273"}],"version-history":[{"count":1,"href":"https:\/\/prensapresidencialvenezuela.gob.ve\/index.php\/wp-json\/wp\/v2\/posts\/4273\/revisions"}],"predecessor-version":[{"id":4275,"href":"https:\/\/prensapresidencialvenezuela.gob.ve\/index.php\/wp-json\/wp\/v2\/posts\/4273\/revisions\/4275"}],"wp:featuredmedia":[{"embeddable":true,"href":"https:\/\/prensapresidencialvenezuela.gob.ve\/index.php\/wp-json\/wp\/v2\/media\/4274"}],"wp:attachment":[{"href":"https:\/\/prensapresidencialvenezuela.gob.ve\/index.php\/wp-json\/wp\/v2\/media?parent=4273"}],"wp:term":[{"taxonomy":"category","embeddable":true,"href":"https:\/\/prensapresidencialvenezuela.gob.ve\/index.php\/wp-json\/wp\/v2\/categories?post=4273"},{"taxonomy":"post_tag","embeddable":true,"href":"https:\/\/prensapresidencialvenezuela.gob.ve\/index.php\/wp-json\/wp\/v2\/tags?post=4273"}],"curies":[{"name":"wp","href":"https:\/\/api.w.org\/{rel}","templated":true}]}}