{"id":4277,"date":"2022-12-28T19:55:00","date_gmt":"2022-12-28T19:55:00","guid":{"rendered":"http:\/\/172.27.0.121\/?p=4277"},"modified":"2022-12-28T23:56:40","modified_gmt":"2022-12-28T23:56:40","slug":"presidente-maduro-lidera-acto-de-salutacion-a-la-fanb","status":"publish","type":"post","link":"https:\/\/prensapresidencialvenezuela.gob.ve\/index.php\/2022\/12\/28\/presidente-maduro-lidera-acto-de-salutacion-a-la-fanb\/","title":{"rendered":"Presidente Maduro lidera Acto de Salutaci\u00f3n a la FANB"},"content":{"rendered":"\n<p><strong>Fuerte Tiuna, Caracas.-<\/strong>&nbsp;El presidente de la Rep\u00fablica Bolivariana de Venezuela y comandante en Jefe de la Fuerza Armada Nacional Bolivariana (FANB), Nicol\u00e1s Maduro Moros, lidera este mi\u00e9rcoles el acto de salutaci\u00f3n de fin de a\u00f1o dirigido a los diferentes componentes militares del pa\u00eds.<\/p>\n\n\n\n<p>Desde el Puesto General de Comando del Centro Estrat\u00e9gico Operacional de la Fuerza Armada Nacional Bolivariana (CEOFANB), ubicado en Fuerte Tiuna, en Caracas, el Mandatario nacional extiende sus felicitaciones a los hombres y mujeres que integran el cuerpo castrense del Estado.<\/p>\n\n\n\n<p>En la jornada, el Jefe de Estado realiza un recorrido por las carpas de los componentes de la FANB para apreciar exposiciones de ingenier\u00eda y comunicaciones, intendencia, antidrogas, Operaci\u00f3n Roraima 2022, campamento de miner\u00eda ilegal a cielo abierto de la Aviaci\u00f3n Militar Bolivariana (AMB), Armada Nacional Bolivariana (ANB) y Guardia Nacional Bolivariana (GNB), respectivamente.<\/p>\n\n\n\n<p>La actividad tambi\u00e9n es propicia para que el Comandante en Jefe de la FANB entregue la condecoraci\u00f3n \u201cCruz CEOFANB\u201d, en su Tercera Clase, a distinguidos y representantes de los componentes militares por su participaci\u00f3n en operaciones de incautaci\u00f3n de drogas desplegadas en algunos estados del pa\u00eds.<\/p>\n\n\n\n<p>Asimismo, hizo entrega de la condecoraci\u00f3n a distinguidos del Ministerio del Poder Popular para la Defensa (MPPD) por actos meritorios realizados en combates.<\/p>\n\n\n\n<p>Acompa\u00f1an al Dignatario, el vicepresidente de Soberan\u00eda Pol\u00edtica, Seguridad y Paz y ministro del Poder Popular para la Defensa, G\/J Vladimir Padrino L\u00f3pez; el comandante Estrat\u00e9gico Operacional, G\/J Domingo Hern\u00e1ndez L\u00e1rez, y dem\u00e1s miembros del Estado Mayor Superior de la FANB, invitados especiales y autoridades del Gabinete Ejecutivo.<\/p>\n\n\n\n<p><strong>Prensa Presidencial \/ Joelin Jim\u00e9nez<\/strong><\/p>\n","protected":false},"excerpt":{"rendered":"<p>Fuerte Tiuna, Caracas.-&nbsp;El presidente de la Rep\u00fablica Bolivariana de Venezuela y comandante en Jefe de la Fuerza Armada Nacional Bolivariana (FANB), Nicol\u00e1s Maduro Moros, lidera este mi\u00e9rcoles el acto de salutaci\u00f3n de fin de a\u00f1o dirigido a los diferentes componentes militares del pa\u00eds. Desde el Puesto General de Comando del Centro Estrat\u00e9gico Operacional de la [&hellip;]<\/p>\n","protected":false},"author":6,"featured_media":4278,"comment_status":"open","ping_status":"open","sticky":false,"template":"","format":"standard","meta":{"footnotes":""},"categories":[7],"tags":[],"class_list":["post-4277","post","type-post","status-publish","format-standard","has-post-thumbnail","hentry","category-notas-de-prensa"],"_links":{"self":[{"href":"https:\/\/prensapresidencialvenezuela.gob.ve\/index.php\/wp-json\/wp\/v2\/posts\/4277","targetHints":{"allow":["GET"]}}],"collection":[{"href":"https:\/\/prensapresidencialvenezuela.gob.ve\/index.php\/wp-json\/wp\/v2\/posts"}],"about":[{"href":"https:\/\/prensapresidencialvenezuela.gob.ve\/index.php\/wp-json\/wp\/v2\/types\/post"}],"author":[{"embeddable":true,"href":"https:\/\/prensapresidencialvenezuela.gob.ve\/index.php\/wp-json\/wp\/v2\/users\/6"}],"replies":[{"embeddable":true,"href":"https:\/\/prensapresidencialvenezuela.gob.ve\/index.php\/wp-json\/wp\/v2\/comments?post=4277"}],"version-history":[{"count":1,"href":"https:\/\/prensapresidencialvenezuela.gob.ve\/index.php\/wp-json\/wp\/v2\/posts\/4277\/revisions"}],"predecessor-version":[{"id":4279,"href":"https:\/\/prensapresidencialvenezuela.gob.ve\/index.php\/wp-json\/wp\/v2\/posts\/4277\/revisions\/4279"}],"wp:featuredmedia":[{"embeddable":true,"href":"https:\/\/prensapresidencialvenezuela.gob.ve\/index.php\/wp-json\/wp\/v2\/media\/4278"}],"wp:attachment":[{"href":"https:\/\/prensapresidencialvenezuela.gob.ve\/index.php\/wp-json\/wp\/v2\/media?parent=4277"}],"wp:term":[{"taxonomy":"category","embeddable":true,"href":"https:\/\/prensapresidencialvenezuela.gob.ve\/index.php\/wp-json\/wp\/v2\/categories?post=4277"},{"taxonomy":"post_tag","embeddable":true,"href":"https:\/\/prensapresidencialvenezuela.gob.ve\/index.php\/wp-json\/wp\/v2\/tags?post=4277"}],"curies":[{"name":"wp","href":"https:\/\/api.w.org\/{rel}","templated":true}]}}