{"id":42778,"date":"2026-03-08T22:23:54","date_gmt":"2026-03-09T02:23:54","guid":{"rendered":"https:\/\/prensapresidencialvenezuela.gob.ve\/?p=42778"},"modified":"2026-03-08T22:23:55","modified_gmt":"2026-03-09T02:23:55","slug":"presidenta-e-delcy-rodriguez-venezuela-batio-record-de-participacion-en-consulta-popular","status":"publish","type":"post","link":"https:\/\/prensapresidencialvenezuela.gob.ve\/index.php\/2026\/03\/08\/presidenta-e-delcy-rodriguez-venezuela-batio-record-de-participacion-en-consulta-popular\/","title":{"rendered":"Presidenta (E) Delcy Rodr\u00edguez: Venezuela bati\u00f3 r\u00e9cord de participaci\u00f3n en Consulta Popular"},"content":{"rendered":"\n<p><strong>Caracas, Venezuela.<\/strong> La presidenta Encargada de la Rep\u00fablica Bolivariana de Venezuela, Delcy Rodr\u00edguez, calific\u00f3 como hist\u00f3rica la jornada de votaci\u00f3n realizada este domingo 8 de marzo de 2026.<\/p>\n\n\n\n<p>En un audio difundido por el canal Venezolana de Televisi\u00f3n, explic\u00f3 que la primera Consulta Popular Nacional del a\u00f1o 2026 super\u00f3 las expectativas de asistencia para la selecci\u00f3n de proyectos comunitarios.<\/p>\n\n\n\n<p>Durante su balance, la Presidenta Encargada hizo un reconocimiento al Consejo Nacional Electoral (CNE) por la ampliaci\u00f3n de la infraestructura de votaci\u00f3n y los centros habilitados para el proceso. Asimismo, resalt\u00f3 la labor del Plan Rep\u00fablica en la custodia de la jornada.<\/p>\n\n\n\n<p>\u00abHemos roto r\u00e9cord de participaci\u00f3n\u00bb, afirm\u00f3 al referirse al flujo de votantes en los distintos circuitos comunales del pa\u00eds, a quienes felicit\u00f3 por su rol en la organizaci\u00f3n de esta consulta.<\/p>\n\n\n\n<p>La jornada coincidi\u00f3 con la celebraci\u00f3n del D\u00eda Internacional de la Mujer, fecha que la Mandataria Nacional Encargada aprovech\u00f3 para felicitar a las venezolanas que formaron parte del evento electoral.<\/p>\n\n\n\n<p>Prensa Presidencial\/ Iliana Rosales<\/p>\n","protected":false},"excerpt":{"rendered":"<p>Caracas, Venezuela. La presidenta Encargada de la Rep\u00fablica Bolivariana de Venezuela, Delcy Rodr\u00edguez, calific\u00f3 como hist\u00f3rica la jornada de votaci\u00f3n realizada este domingo 8 de marzo de 2026. En un audio difundido por el canal Venezolana de Televisi\u00f3n, explic\u00f3 que la primera Consulta Popular Nacional del a\u00f1o 2026 super\u00f3 las expectativas de asistencia para la [&hellip;]<\/p>\n","protected":false},"author":19,"featured_media":42780,"comment_status":"open","ping_status":"open","sticky":false,"template":"","format":"standard","meta":{"footnotes":""},"categories":[18,7],"tags":[],"class_list":["post-42778","post","type-post","status-publish","format-standard","has-post-thumbnail","hentry","category-noticias-principales","category-notas-de-prensa"],"_links":{"self":[{"href":"https:\/\/prensapresidencialvenezuela.gob.ve\/index.php\/wp-json\/wp\/v2\/posts\/42778","targetHints":{"allow":["GET"]}}],"collection":[{"href":"https:\/\/prensapresidencialvenezuela.gob.ve\/index.php\/wp-json\/wp\/v2\/posts"}],"about":[{"href":"https:\/\/prensapresidencialvenezuela.gob.ve\/index.php\/wp-json\/wp\/v2\/types\/post"}],"author":[{"embeddable":true,"href":"https:\/\/prensapresidencialvenezuela.gob.ve\/index.php\/wp-json\/wp\/v2\/users\/19"}],"replies":[{"embeddable":true,"href":"https:\/\/prensapresidencialvenezuela.gob.ve\/index.php\/wp-json\/wp\/v2\/comments?post=42778"}],"version-history":[{"count":1,"href":"https:\/\/prensapresidencialvenezuela.gob.ve\/index.php\/wp-json\/wp\/v2\/posts\/42778\/revisions"}],"predecessor-version":[{"id":42779,"href":"https:\/\/prensapresidencialvenezuela.gob.ve\/index.php\/wp-json\/wp\/v2\/posts\/42778\/revisions\/42779"}],"wp:featuredmedia":[{"embeddable":true,"href":"https:\/\/prensapresidencialvenezuela.gob.ve\/index.php\/wp-json\/wp\/v2\/media\/42780"}],"wp:attachment":[{"href":"https:\/\/prensapresidencialvenezuela.gob.ve\/index.php\/wp-json\/wp\/v2\/media?parent=42778"}],"wp:term":[{"taxonomy":"category","embeddable":true,"href":"https:\/\/prensapresidencialvenezuela.gob.ve\/index.php\/wp-json\/wp\/v2\/categories?post=42778"},{"taxonomy":"post_tag","embeddable":true,"href":"https:\/\/prensapresidencialvenezuela.gob.ve\/index.php\/wp-json\/wp\/v2\/tags?post=42778"}],"curies":[{"name":"wp","href":"https:\/\/api.w.org\/{rel}","templated":true}]}}