{"id":42798,"date":"2026-03-09T17:00:51","date_gmt":"2026-03-09T21:00:51","guid":{"rendered":"https:\/\/prensapresidencialvenezuela.gob.ve\/?p=42798"},"modified":"2026-03-09T17:00:52","modified_gmt":"2026-03-09T21:00:52","slug":"presidenta-e-delcy-rodriguez-visita-la-comuna-caraquena-con-mayor-participacion-en-la-consulta-electoral-de-este-domingo-8-de-marzo","status":"publish","type":"post","link":"https:\/\/prensapresidencialvenezuela.gob.ve\/index.php\/2026\/03\/09\/presidenta-e-delcy-rodriguez-visita-la-comuna-caraquena-con-mayor-participacion-en-la-consulta-electoral-de-este-domingo-8-de-marzo\/","title":{"rendered":"Presidenta (E) Delcy Rodr\u00edguez visita la comuna caraque\u00f1a con mayor participaci\u00f3n en la Consulta Electoral de este domingo 8 de marzo"},"content":{"rendered":"\n<p><strong>Caracas, Venezuela. \u2013<\/strong> Este lunes, la presidenta Encargada de la Rep\u00fablica Bolivariana de Venezuela, Delcy Rodr\u00edguez, realiza una visita al sector Sim\u00f3n Rodr\u00edguez del complejo habitacional Ciudad Tiuna, ubicado en la parroquia Coche, donde se registr\u00f3 un gran porcentaje de participaci\u00f3n el pasado domingo 8 de marzo, en la Consulta Popular Nacional 2026.<\/p>\n\n\n\n<p>En este sector se registraron 3 mil 358 electores y electoras, de los cuales 600 son parte de la juventud venezolana que se traslado a ejercer su voto para dar ejecuci\u00f3n a los proyectos que hayas sido elegidos este domingo que coincidi\u00f3 con el D\u00eda Internacional de Mujer.<\/p>\n\n\n\n<p>Durante este d\u00eda, los venezolanos y venezolanas acudieron para la elecci\u00f3n de m\u00e1s de 36 mil proyectos postulados; y esta comunidad en espec\u00edfico, los siguientes puntos de prioridad que est\u00e1n basados en la Segunda Transformaci\u00f3n del Plan de la Patria \u00abCiudad Humana para el Buen Vivir\u00bb:<\/p>\n\n\n\n<ul class=\"wp-block-list\">\n<li>Sustituci\u00f3n de cilindros de gas da\u00f1ados<\/li>\n\n\n\n<li>Compra de una llave de paso de 4 pulgadas para cada torre<\/li>\n\n\n\n<li>Financiamiento de los emprendedores del urbanismo<\/li>\n\n\n\n<li>Continuidad del estacionamiento de la manzana 4 y 7<\/li>\n\n\n\n<li>Compra de m\u00e1quina prensadora de pl\u00e1stico<\/li>\n<\/ul>\n\n\n\n<p>Vale acotar que en el sector Sim\u00f3n Rodr\u00edguez se ubica la Sala de Autogobierno Comunal Popular, donde rige el Gobierno en el territorio, con la organizaci\u00f3n de \u00a028 consejos comunales, y cinco estructuras de las Unidades de Batalla Hugo Ch\u00e1vez (UBCh); adem\u00e1s de la Base de Misiones \u00abLuisa C\u00e1ceres de Arismendi\u00bb, con un m\u00f3dulo de salud, jueces de paz Y servicio de la Ley Org\u00e1nica para la Protecci\u00f3n del Ni\u00f1o, Ni\u00f1a y Adolescente (LOPPNA).<\/p>\n\n\n\n<p>A prop\u00f3sito de la exitosa movilizaci\u00f3n del pueblo venezolano, en sus territorios, la Presidenta Encargada felicit\u00f3 al pueblo por su rol en la organizaci\u00f3n de esta consulta, expres\u00e1ndoles: \u00abHemos roto r\u00e9cord de participaci\u00f3n\u00bb.<\/p>\n\n\n\n<p><strong>Prensa Presidencial\/ Irmary D\u00edaz<\/strong><\/p>\n","protected":false},"excerpt":{"rendered":"<p>Caracas, Venezuela. \u2013 Este lunes, la presidenta Encargada de la Rep\u00fablica Bolivariana de Venezuela, Delcy Rodr\u00edguez, realiza una visita al sector Sim\u00f3n Rodr\u00edguez del complejo habitacional Ciudad Tiuna, ubicado en la parroquia Coche, donde se registr\u00f3 un gran porcentaje de participaci\u00f3n el pasado domingo 8 de marzo, en la Consulta Popular Nacional 2026. En este [&hellip;]<\/p>\n","protected":false},"author":15,"featured_media":42799,"comment_status":"open","ping_status":"open","sticky":false,"template":"","format":"standard","meta":{"footnotes":""},"categories":[18,7],"tags":[],"class_list":["post-42798","post","type-post","status-publish","format-standard","has-post-thumbnail","hentry","category-noticias-principales","category-notas-de-prensa"],"_links":{"self":[{"href":"https:\/\/prensapresidencialvenezuela.gob.ve\/index.php\/wp-json\/wp\/v2\/posts\/42798","targetHints":{"allow":["GET"]}}],"collection":[{"href":"https:\/\/prensapresidencialvenezuela.gob.ve\/index.php\/wp-json\/wp\/v2\/posts"}],"about":[{"href":"https:\/\/prensapresidencialvenezuela.gob.ve\/index.php\/wp-json\/wp\/v2\/types\/post"}],"author":[{"embeddable":true,"href":"https:\/\/prensapresidencialvenezuela.gob.ve\/index.php\/wp-json\/wp\/v2\/users\/15"}],"replies":[{"embeddable":true,"href":"https:\/\/prensapresidencialvenezuela.gob.ve\/index.php\/wp-json\/wp\/v2\/comments?post=42798"}],"version-history":[{"count":1,"href":"https:\/\/prensapresidencialvenezuela.gob.ve\/index.php\/wp-json\/wp\/v2\/posts\/42798\/revisions"}],"predecessor-version":[{"id":42818,"href":"https:\/\/prensapresidencialvenezuela.gob.ve\/index.php\/wp-json\/wp\/v2\/posts\/42798\/revisions\/42818"}],"wp:featuredmedia":[{"embeddable":true,"href":"https:\/\/prensapresidencialvenezuela.gob.ve\/index.php\/wp-json\/wp\/v2\/media\/42799"}],"wp:attachment":[{"href":"https:\/\/prensapresidencialvenezuela.gob.ve\/index.php\/wp-json\/wp\/v2\/media?parent=42798"}],"wp:term":[{"taxonomy":"category","embeddable":true,"href":"https:\/\/prensapresidencialvenezuela.gob.ve\/index.php\/wp-json\/wp\/v2\/categories?post=42798"},{"taxonomy":"post_tag","embeddable":true,"href":"https:\/\/prensapresidencialvenezuela.gob.ve\/index.php\/wp-json\/wp\/v2\/tags?post=42798"}],"curies":[{"name":"wp","href":"https:\/\/api.w.org\/{rel}","templated":true}]}}