{"id":42802,"date":"2026-03-09T17:36:08","date_gmt":"2026-03-09T21:36:08","guid":{"rendered":"https:\/\/prensapresidencialvenezuela.gob.ve\/?p=42802"},"modified":"2026-03-09T17:36:09","modified_gmt":"2026-03-09T21:36:09","slug":"presidenta-e-delcy-rodriguez-enaltece-el-rol-de-la-mujer-en-la-consulta-popular","status":"publish","type":"post","link":"https:\/\/prensapresidencialvenezuela.gob.ve\/index.php\/2026\/03\/09\/presidenta-e-delcy-rodriguez-enaltece-el-rol-de-la-mujer-en-la-consulta-popular\/","title":{"rendered":"Presidenta (E) Delcy Rodr\u00edguez enaltece el rol de la mujer en la Consulta Popular"},"content":{"rendered":"\n<p><strong>Fuerte Tiuna, Caracas.-<\/strong> En el marco del D\u00eda Internacional de la Mujer, la presidenta Encargada de la Rep\u00fablica Bolivariana de Venezuela, Delcy Rodr\u00edguez, felicit\u00f3 a las mujeres venezolanas por su participaci\u00f3n en la Consulta Popular Nacional de este domingo 8 de marzo.<\/p>\n\n\n\n<p>\u00abS\u00e9 que el 80% de las voceras de las Comunas son mujeres. La felicito como mujer. Me siento orgullosa de ser una mujer venezolana (\u2026) y de levantar nuestro tricolor en nombre de todos los venezolanos y de todas las venezolanas\u00bb, manifest\u00f3 con orgullo la Mandataria Nacional Encargada.<\/p>\n\n\n\n<p>Desde la Comuna Ara\u00f1ero de Sabaneta Siglo XXI de la parroquia Coche, Rodr\u00edguez destac\u00f3 que, a pesar de los momentos dif\u00edciles que enfrenta el pa\u00eds, \u00absomos el pueblo de Bol\u00edvar, somos el pueblo de las dificultades y vamos ganando la paz\u00bb.<\/p>\n\n\n\n<p>En este mismo contexto, la presidenta (E) Delcy Rodr\u00edguez explic\u00f3 la importancia de las relaciones diplom\u00e1ticas con el gobierno de los Estados Unidos como un camino hacia la resoluci\u00f3n de conflictos y la b\u00fasqueda de coincidencias. A su juicio, cada d\u00eda que pasa es \u00abpara dirimir y para avanzar en coincidencia\u00bb.<\/p>\n\n\n\n<p>Esta jornada electoral no solo marca un hito en la participaci\u00f3n femenina, sino que tambi\u00e9n representa un paso significativo hacia el fortalecimiento de la democracia en Venezuela.<\/p>\n\n\n\n<p><strong>Prensa Presidencial\/ Claudia Guerra M\u00e9ndez<\/strong><\/p>\n","protected":false},"excerpt":{"rendered":"<p>Fuerte Tiuna, Caracas.- En el marco del D\u00eda Internacional de la Mujer, la presidenta Encargada de la Rep\u00fablica Bolivariana de Venezuela, Delcy Rodr\u00edguez, felicit\u00f3 a las mujeres venezolanas por su participaci\u00f3n en la Consulta Popular Nacional de este domingo 8 de marzo. \u00abS\u00e9 que el 80% de las voceras de las Comunas son mujeres. La [&hellip;]<\/p>\n","protected":false},"author":18,"featured_media":42827,"comment_status":"open","ping_status":"open","sticky":false,"template":"","format":"standard","meta":{"footnotes":""},"categories":[18,7],"tags":[81,1891,20],"class_list":["post-42802","post","type-post","status-publish","format-standard","has-post-thumbnail","hentry","category-noticias-principales","category-notas-de-prensa","tag-comuna","tag-presidenta-encargada-delcy-rodriguez","tag-venezuela"],"_links":{"self":[{"href":"https:\/\/prensapresidencialvenezuela.gob.ve\/index.php\/wp-json\/wp\/v2\/posts\/42802","targetHints":{"allow":["GET"]}}],"collection":[{"href":"https:\/\/prensapresidencialvenezuela.gob.ve\/index.php\/wp-json\/wp\/v2\/posts"}],"about":[{"href":"https:\/\/prensapresidencialvenezuela.gob.ve\/index.php\/wp-json\/wp\/v2\/types\/post"}],"author":[{"embeddable":true,"href":"https:\/\/prensapresidencialvenezuela.gob.ve\/index.php\/wp-json\/wp\/v2\/users\/18"}],"replies":[{"embeddable":true,"href":"https:\/\/prensapresidencialvenezuela.gob.ve\/index.php\/wp-json\/wp\/v2\/comments?post=42802"}],"version-history":[{"count":1,"href":"https:\/\/prensapresidencialvenezuela.gob.ve\/index.php\/wp-json\/wp\/v2\/posts\/42802\/revisions"}],"predecessor-version":[{"id":42803,"href":"https:\/\/prensapresidencialvenezuela.gob.ve\/index.php\/wp-json\/wp\/v2\/posts\/42802\/revisions\/42803"}],"wp:featuredmedia":[{"embeddable":true,"href":"https:\/\/prensapresidencialvenezuela.gob.ve\/index.php\/wp-json\/wp\/v2\/media\/42827"}],"wp:attachment":[{"href":"https:\/\/prensapresidencialvenezuela.gob.ve\/index.php\/wp-json\/wp\/v2\/media?parent=42802"}],"wp:term":[{"taxonomy":"category","embeddable":true,"href":"https:\/\/prensapresidencialvenezuela.gob.ve\/index.php\/wp-json\/wp\/v2\/categories?post=42802"},{"taxonomy":"post_tag","embeddable":true,"href":"https:\/\/prensapresidencialvenezuela.gob.ve\/index.php\/wp-json\/wp\/v2\/tags?post=42802"}],"curies":[{"name":"wp","href":"https:\/\/api.w.org\/{rel}","templated":true}]}}