{"id":42806,"date":"2026-03-09T17:29:48","date_gmt":"2026-03-09T21:29:48","guid":{"rendered":"https:\/\/prensapresidencialvenezuela.gob.ve\/?p=42806"},"modified":"2026-03-09T17:29:48","modified_gmt":"2026-03-09T21:29:48","slug":"consulta-popular-nacional-tambien-atendera-a-los-movimientos-vecinales-y-condominios-de-todo-el-pais","status":"publish","type":"post","link":"https:\/\/prensapresidencialvenezuela.gob.ve\/index.php\/2026\/03\/09\/consulta-popular-nacional-tambien-atendera-a-los-movimientos-vecinales-y-condominios-de-todo-el-pais\/","title":{"rendered":"Consulta Popular Nacional tambi\u00e9n atender\u00e1 a los movimientos vecinales y condominios de todo el pa\u00eds"},"content":{"rendered":"\n<p><strong>Fuerte Tiuna, Caracas.-<\/strong> La presidenta Encargada de la Rep\u00fablica Bolivariana de Venezuela, Delcy Rodr\u00edguez, anunci\u00f3 este lunes que las consultas populares nacionales tambi\u00e9n atender\u00e1n a los movimientos vecinales y condominios del pa\u00eds.<\/p>\n\n\n\n<p>Luego de la puesta en marcha del Programa de Convivencia Democr\u00e1tica y Paz, Rodr\u00edguez indic\u00f3 que se han realizado encuentros entre ambos sectores en todo el pa\u00eds y como parte de estos esfuerzos dio a conocer la expansi\u00f3n de estos procesos para abordar directamente las necesidades de infraestructura y mantenimiento en edificios residenciales.<\/p>\n\n\n\n<p>\u00abQue se sume tambi\u00e9n el movimiento vecinal a estos procesos de consulta popular que est\u00e1n previstos en nuestra Constituci\u00f3n como mecanismo de la democracia participativa y protag\u00f3nica\u00bb, comunic\u00f3 la Mandataria Nacional Encargada.<\/p>\n\n\n\n<p>Esta iniciativa busca dar respuesta a problem\u00e1ticas comunes como la falta de ascensores funcionales, la necesidad de impermeabilizaci\u00f3n, la escasez de bombas de agua y la renovaci\u00f3n de fachadas, entre otras.<\/p>\n\n\n\n<p>La meta es integrar activamente a las comunidades en la toma de decisiones y en la soluci\u00f3n de sus propias problem\u00e1ticas. Esta estrategia se alinea con el compromiso del Gobierno Nacional de escuchar y atender las demandas de los venezolanos y las venezolanas, buscando soluciones conjuntas y sostenibles.<\/p>\n\n\n\n<p><strong>Prensa Presidencial\/ Claudia Guerra M\u00e9ndez<\/strong><\/p>\n","protected":false},"excerpt":{"rendered":"<p>Fuerte Tiuna, Caracas.- La presidenta Encargada de la Rep\u00fablica Bolivariana de Venezuela, Delcy Rodr\u00edguez, anunci\u00f3 este lunes que las consultas populares nacionales tambi\u00e9n atender\u00e1n a los movimientos vecinales y condominios del pa\u00eds. Luego de la puesta en marcha del Programa de Convivencia Democr\u00e1tica y Paz, Rodr\u00edguez indic\u00f3 que se han realizado encuentros entre ambos sectores [&hellip;]<\/p>\n","protected":false},"author":18,"featured_media":42848,"comment_status":"open","ping_status":"open","sticky":false,"template":"","format":"standard","meta":{"footnotes":""},"categories":[18,7],"tags":[81,1891,20],"class_list":["post-42806","post","type-post","status-publish","format-standard","has-post-thumbnail","hentry","category-noticias-principales","category-notas-de-prensa","tag-comuna","tag-presidenta-encargada-delcy-rodriguez","tag-venezuela"],"_links":{"self":[{"href":"https:\/\/prensapresidencialvenezuela.gob.ve\/index.php\/wp-json\/wp\/v2\/posts\/42806","targetHints":{"allow":["GET"]}}],"collection":[{"href":"https:\/\/prensapresidencialvenezuela.gob.ve\/index.php\/wp-json\/wp\/v2\/posts"}],"about":[{"href":"https:\/\/prensapresidencialvenezuela.gob.ve\/index.php\/wp-json\/wp\/v2\/types\/post"}],"author":[{"embeddable":true,"href":"https:\/\/prensapresidencialvenezuela.gob.ve\/index.php\/wp-json\/wp\/v2\/users\/18"}],"replies":[{"embeddable":true,"href":"https:\/\/prensapresidencialvenezuela.gob.ve\/index.php\/wp-json\/wp\/v2\/comments?post=42806"}],"version-history":[{"count":1,"href":"https:\/\/prensapresidencialvenezuela.gob.ve\/index.php\/wp-json\/wp\/v2\/posts\/42806\/revisions"}],"predecessor-version":[{"id":42807,"href":"https:\/\/prensapresidencialvenezuela.gob.ve\/index.php\/wp-json\/wp\/v2\/posts\/42806\/revisions\/42807"}],"wp:featuredmedia":[{"embeddable":true,"href":"https:\/\/prensapresidencialvenezuela.gob.ve\/index.php\/wp-json\/wp\/v2\/media\/42848"}],"wp:attachment":[{"href":"https:\/\/prensapresidencialvenezuela.gob.ve\/index.php\/wp-json\/wp\/v2\/media?parent=42806"}],"wp:term":[{"taxonomy":"category","embeddable":true,"href":"https:\/\/prensapresidencialvenezuela.gob.ve\/index.php\/wp-json\/wp\/v2\/categories?post=42806"},{"taxonomy":"post_tag","embeddable":true,"href":"https:\/\/prensapresidencialvenezuela.gob.ve\/index.php\/wp-json\/wp\/v2\/tags?post=42806"}],"curies":[{"name":"wp","href":"https:\/\/api.w.org\/{rel}","templated":true}]}}