{"id":42808,"date":"2026-03-09T17:30:43","date_gmt":"2026-03-09T21:30:43","guid":{"rendered":"https:\/\/prensapresidencialvenezuela.gob.ve\/?p=42808"},"modified":"2026-03-09T17:30:43","modified_gmt":"2026-03-09T21:30:43","slug":"ejecutivo-nacional-financiara-los-proyectos-de-las-10-comunas-ganadoras-de-la-consulta-popular-nacional-8-m","status":"publish","type":"post","link":"https:\/\/prensapresidencialvenezuela.gob.ve\/index.php\/2026\/03\/09\/ejecutivo-nacional-financiara-los-proyectos-de-las-10-comunas-ganadoras-de-la-consulta-popular-nacional-8-m\/","title":{"rendered":"Ejecutivo Nacional financiar\u00e1 los proyectos de las 10 Comunas ganadoras de la Consulta Popular Nacional 8-M"},"content":{"rendered":"\n<p><strong>Fuerte Tiuna, Caracas.-<\/strong> Desde la Comuna m\u00e1s votada del pa\u00eds en la Consulta Popular Nacional de este 8 de marzo, \u00abAra\u00f1ero de Sabaneta Siglo XXI\u00bb de la parroquia Coche, la presidenta Encargada de la Rep\u00fablica Bolivariana de Venezuela, Delcy Rodr\u00edguez, inform\u00f3 que espera con entusiasmo los resultados del Consejo Nacional Electoral (CNE), los cuales revelar\u00e1n las 10 Comunas m\u00e1s votados por los j\u00f3venes en todo el pa\u00eds.<\/p>\n\n\n\n<p>Estos resultados son primordiales en la asignaci\u00f3n de recursos que les permitir\u00e1 a cada Comuna ganadora el financiamiento de los proyectos que impulsen el desarrollo y la creatividad de las nuevas generaciones.<\/p>\n\n\n\n<p>Este enfoque no solo empodera a los j\u00f3venes, sino que tambi\u00e9n promueve una cultura de participaci\u00f3n ciudadana y compromiso con el desarrollo social.<\/p>\n\n\n\n<p>La expectativa crece en torno a los proyectos que resulten ganadores; ya que su financiamiento est\u00e1 garantizado. \u00abEstoy a\u00fan esperando por los resultados del Poder Electoral, del CNE, que diga cu\u00e1les fueron las 10 primeras Comunas m\u00e1s votadas por la juventud para financiar proyectos de los j\u00f3venes\u00bb, concluy\u00f3 la Presidenta Encargada desde Fuerte Tiuna.<\/p>\n\n\n\n<p><strong>Prensa Presidencial\/ Claudia Guerra M\u00e9ndez<\/strong><\/p>\n","protected":false},"excerpt":{"rendered":"<p>Fuerte Tiuna, Caracas.- Desde la Comuna m\u00e1s votada del pa\u00eds en la Consulta Popular Nacional de este 8 de marzo, \u00abAra\u00f1ero de Sabaneta Siglo XXI\u00bb de la parroquia Coche, la presidenta Encargada de la Rep\u00fablica Bolivariana de Venezuela, Delcy Rodr\u00edguez, inform\u00f3 que espera con entusiasmo los resultados del Consejo Nacional Electoral (CNE), los cuales revelar\u00e1n [&hellip;]<\/p>\n","protected":false},"author":18,"featured_media":42849,"comment_status":"open","ping_status":"open","sticky":false,"template":"","format":"standard","meta":{"footnotes":""},"categories":[18,7],"tags":[81,1891,20],"class_list":["post-42808","post","type-post","status-publish","format-standard","has-post-thumbnail","hentry","category-noticias-principales","category-notas-de-prensa","tag-comuna","tag-presidenta-encargada-delcy-rodriguez","tag-venezuela"],"_links":{"self":[{"href":"https:\/\/prensapresidencialvenezuela.gob.ve\/index.php\/wp-json\/wp\/v2\/posts\/42808","targetHints":{"allow":["GET"]}}],"collection":[{"href":"https:\/\/prensapresidencialvenezuela.gob.ve\/index.php\/wp-json\/wp\/v2\/posts"}],"about":[{"href":"https:\/\/prensapresidencialvenezuela.gob.ve\/index.php\/wp-json\/wp\/v2\/types\/post"}],"author":[{"embeddable":true,"href":"https:\/\/prensapresidencialvenezuela.gob.ve\/index.php\/wp-json\/wp\/v2\/users\/18"}],"replies":[{"embeddable":true,"href":"https:\/\/prensapresidencialvenezuela.gob.ve\/index.php\/wp-json\/wp\/v2\/comments?post=42808"}],"version-history":[{"count":1,"href":"https:\/\/prensapresidencialvenezuela.gob.ve\/index.php\/wp-json\/wp\/v2\/posts\/42808\/revisions"}],"predecessor-version":[{"id":42809,"href":"https:\/\/prensapresidencialvenezuela.gob.ve\/index.php\/wp-json\/wp\/v2\/posts\/42808\/revisions\/42809"}],"wp:featuredmedia":[{"embeddable":true,"href":"https:\/\/prensapresidencialvenezuela.gob.ve\/index.php\/wp-json\/wp\/v2\/media\/42849"}],"wp:attachment":[{"href":"https:\/\/prensapresidencialvenezuela.gob.ve\/index.php\/wp-json\/wp\/v2\/media?parent=42808"}],"wp:term":[{"taxonomy":"category","embeddable":true,"href":"https:\/\/prensapresidencialvenezuela.gob.ve\/index.php\/wp-json\/wp\/v2\/categories?post=42808"},{"taxonomy":"post_tag","embeddable":true,"href":"https:\/\/prensapresidencialvenezuela.gob.ve\/index.php\/wp-json\/wp\/v2\/tags?post=42808"}],"curies":[{"name":"wp","href":"https:\/\/api.w.org\/{rel}","templated":true}]}}