{"id":42812,"date":"2026-03-09T17:32:00","date_gmt":"2026-03-09T21:32:00","guid":{"rendered":"https:\/\/prensapresidencialvenezuela.gob.ve\/?p=42812"},"modified":"2026-03-09T17:32:07","modified_gmt":"2026-03-09T21:32:07","slug":"psuv-reporta-maxima-eficiencia-organizativa-y-records-de-participacion-en-consulta-nacional","status":"publish","type":"post","link":"https:\/\/prensapresidencialvenezuela.gob.ve\/index.php\/2026\/03\/09\/psuv-reporta-maxima-eficiencia-organizativa-y-records-de-participacion-en-consulta-nacional\/","title":{"rendered":"PSUV reporta m\u00e1xima eficiencia organizativa y r\u00e9cords de participaci\u00f3n en consulta nacional"},"content":{"rendered":"\n<p>Caracas, Venezuela. \u2013 El Secretario General del Partido Socialista Unido de Venezuela (PSUV), Diosdado Cabello, inform\u00f3 que la reciente jornada electoral de las bases super\u00f3 los registros hist\u00f3ricos de movilizaci\u00f3n en el pa\u00eds.<\/p>\n\n\n\n<p>Durante un balance presentado a la presidencia Encargada, Delcy Rodr\u00edguez, precis\u00f3 que diversos estados alcanzaron una asistencia superior al 35% del padr\u00f3n electoral total, consolidando este mecanismo de votaci\u00f3n como un hito dentro del sistema democr\u00e1tico nacional y ratificando la disposici\u00f3n ciudadana para intervenir directamente en la gesti\u00f3n de sus comunidades.<\/p>\n\n\n\n<p>Este despliegue operativo cont\u00f3 con la activaci\u00f3n de 30 integrantes por cada comit\u00e9 de base, superando el requerimiento original de 20 cuadros por unidad para garantizar la asistencia t\u00e9cnica en los n\u00facleos poblacionales.<\/p>\n\n\n\n<p>La dirigencia nacional destac\u00f3 que esta estructura partidista se mantuvo subordinada a las necesidades de las comunas, verificando una capacidad de respuesta \u00f3ptima que vincula la maquinaria pol\u00edtica con el ejercicio soberano de selecci\u00f3n de proyectos territoriales.<\/p>\n\n\n\n<p>Prensa Presidencial \/ Kaylib Maita <\/p>\n","protected":false},"excerpt":{"rendered":"<p>Caracas, Venezuela. \u2013 El Secretario General del Partido Socialista Unido de Venezuela (PSUV), Diosdado Cabello, inform\u00f3 que la reciente jornada electoral de las bases super\u00f3 los registros hist\u00f3ricos de movilizaci\u00f3n en el pa\u00eds. Durante un balance presentado a la presidencia Encargada, Delcy Rodr\u00edguez, precis\u00f3 que diversos estados alcanzaron una asistencia superior al 35% del padr\u00f3n [&hellip;]<\/p>\n","protected":false},"author":21,"featured_media":42825,"comment_status":"open","ping_status":"open","sticky":false,"template":"","format":"standard","meta":{"footnotes":""},"categories":[18,7],"tags":[1919,122,1918,1891,52,20],"class_list":["post-42812","post","type-post","status-publish","format-standard","has-post-thumbnail","hentry","category-noticias-principales","category-notas-de-prensa","tag-consulta-nacional","tag-delcy-rodriguez","tag-diosdado-cabello","tag-presidenta-encargada-delcy-rodriguez","tag-psuv","tag-venezuela"],"_links":{"self":[{"href":"https:\/\/prensapresidencialvenezuela.gob.ve\/index.php\/wp-json\/wp\/v2\/posts\/42812","targetHints":{"allow":["GET"]}}],"collection":[{"href":"https:\/\/prensapresidencialvenezuela.gob.ve\/index.php\/wp-json\/wp\/v2\/posts"}],"about":[{"href":"https:\/\/prensapresidencialvenezuela.gob.ve\/index.php\/wp-json\/wp\/v2\/types\/post"}],"author":[{"embeddable":true,"href":"https:\/\/prensapresidencialvenezuela.gob.ve\/index.php\/wp-json\/wp\/v2\/users\/21"}],"replies":[{"embeddable":true,"href":"https:\/\/prensapresidencialvenezuela.gob.ve\/index.php\/wp-json\/wp\/v2\/comments?post=42812"}],"version-history":[{"count":1,"href":"https:\/\/prensapresidencialvenezuela.gob.ve\/index.php\/wp-json\/wp\/v2\/posts\/42812\/revisions"}],"predecessor-version":[{"id":42813,"href":"https:\/\/prensapresidencialvenezuela.gob.ve\/index.php\/wp-json\/wp\/v2\/posts\/42812\/revisions\/42813"}],"wp:featuredmedia":[{"embeddable":true,"href":"https:\/\/prensapresidencialvenezuela.gob.ve\/index.php\/wp-json\/wp\/v2\/media\/42825"}],"wp:attachment":[{"href":"https:\/\/prensapresidencialvenezuela.gob.ve\/index.php\/wp-json\/wp\/v2\/media?parent=42812"}],"wp:term":[{"taxonomy":"category","embeddable":true,"href":"https:\/\/prensapresidencialvenezuela.gob.ve\/index.php\/wp-json\/wp\/v2\/categories?post=42812"},{"taxonomy":"post_tag","embeddable":true,"href":"https:\/\/prensapresidencialvenezuela.gob.ve\/index.php\/wp-json\/wp\/v2\/tags?post=42812"}],"curies":[{"name":"wp","href":"https:\/\/api.w.org\/{rel}","templated":true}]}}