{"id":42814,"date":"2026-03-09T17:32:27","date_gmt":"2026-03-09T21:32:27","guid":{"rendered":"https:\/\/prensapresidencialvenezuela.gob.ve\/?p=42814"},"modified":"2026-03-09T17:32:27","modified_gmt":"2026-03-09T21:32:27","slug":"gestion-comunal-garantiza-la-inversion-directa-de-recursos-publicos","status":"publish","type":"post","link":"https:\/\/prensapresidencialvenezuela.gob.ve\/index.php\/2026\/03\/09\/gestion-comunal-garantiza-la-inversion-directa-de-recursos-publicos\/","title":{"rendered":"Gesti\u00f3n comunal garantiza la inversi\u00f3n directa de recursos p\u00fablicos"},"content":{"rendered":"\n<p><strong>Caracas, Venezuela. \u2013<\/strong> El Secretario General del Partido Socialista Unido de Venezuela (PSUV), Diosdado Cabello, afirm\u00f3 que el sistema de democracia participativa y protag\u00f3nica facult\u00f3 a los ciudadanos para determinar el destino de los fondos p\u00fablicos mediante el sufragio directo.<\/p>\n\n\n\n<p>Esta modalidad operativa, fundamentada en la propuesta estrat\u00e9gica \u00abComuna o Nada\u00bb, transita hacia una etapa de ejecuci\u00f3n t\u00e9cnica donde el pueblo asume el rol de administrador y decisor prioritario sobre las obras necesarias en su entorno inmediato.<\/p>\n\n\n\n<p>Cabello se\u00f1al\u00f3 que la arquitectura de este modelo posee cimientos s\u00f3lidos en el reconocimiento de la soberan\u00eda popular.<\/p>\n\n\n\n<p>La implementaci\u00f3n de estas consultas peri\u00f3dicas permite que los proyectos de infraestructura y servicios se ejecuten bajo la supervisi\u00f3n de los propios habitantes, eliminando intermediarios y fortaleciendo la eficiencia en el uso del presupuesto nacional asignado a los consejos comunales.<\/p>\n\n\n\n<p>Prensa Presidencial \/ Kaylib Maita <\/p>\n","protected":false},"excerpt":{"rendered":"<p>Caracas, Venezuela. \u2013 El Secretario General del Partido Socialista Unido de Venezuela (PSUV), Diosdado Cabello, afirm\u00f3 que el sistema de democracia participativa y protag\u00f3nica facult\u00f3 a los ciudadanos para determinar el destino de los fondos p\u00fablicos mediante el sufragio directo. Esta modalidad operativa, fundamentada en la propuesta estrat\u00e9gica \u00abComuna o Nada\u00bb, transita hacia una etapa [&hellip;]<\/p>\n","protected":false},"author":21,"featured_media":42824,"comment_status":"open","ping_status":"open","sticky":false,"template":"","format":"standard","meta":{"footnotes":""},"categories":[18,7],"tags":[81,1623,1891,20],"class_list":["post-42814","post","type-post","status-publish","format-standard","has-post-thumbnail","hentry","category-noticias-principales","category-notas-de-prensa","tag-comuna","tag-consulta-popular","tag-presidenta-encargada-delcy-rodriguez","tag-venezuela"],"_links":{"self":[{"href":"https:\/\/prensapresidencialvenezuela.gob.ve\/index.php\/wp-json\/wp\/v2\/posts\/42814","targetHints":{"allow":["GET"]}}],"collection":[{"href":"https:\/\/prensapresidencialvenezuela.gob.ve\/index.php\/wp-json\/wp\/v2\/posts"}],"about":[{"href":"https:\/\/prensapresidencialvenezuela.gob.ve\/index.php\/wp-json\/wp\/v2\/types\/post"}],"author":[{"embeddable":true,"href":"https:\/\/prensapresidencialvenezuela.gob.ve\/index.php\/wp-json\/wp\/v2\/users\/21"}],"replies":[{"embeddable":true,"href":"https:\/\/prensapresidencialvenezuela.gob.ve\/index.php\/wp-json\/wp\/v2\/comments?post=42814"}],"version-history":[{"count":1,"href":"https:\/\/prensapresidencialvenezuela.gob.ve\/index.php\/wp-json\/wp\/v2\/posts\/42814\/revisions"}],"predecessor-version":[{"id":42829,"href":"https:\/\/prensapresidencialvenezuela.gob.ve\/index.php\/wp-json\/wp\/v2\/posts\/42814\/revisions\/42829"}],"wp:featuredmedia":[{"embeddable":true,"href":"https:\/\/prensapresidencialvenezuela.gob.ve\/index.php\/wp-json\/wp\/v2\/media\/42824"}],"wp:attachment":[{"href":"https:\/\/prensapresidencialvenezuela.gob.ve\/index.php\/wp-json\/wp\/v2\/media?parent=42814"}],"wp:term":[{"taxonomy":"category","embeddable":true,"href":"https:\/\/prensapresidencialvenezuela.gob.ve\/index.php\/wp-json\/wp\/v2\/categories?post=42814"},{"taxonomy":"post_tag","embeddable":true,"href":"https:\/\/prensapresidencialvenezuela.gob.ve\/index.php\/wp-json\/wp\/v2\/tags?post=42814"}],"curies":[{"name":"wp","href":"https:\/\/api.w.org\/{rel}","templated":true}]}}