{"id":42815,"date":"2026-03-09T17:32:48","date_gmt":"2026-03-09T21:32:48","guid":{"rendered":"https:\/\/prensapresidencialvenezuela.gob.ve\/?p=42815"},"modified":"2026-03-09T17:32:48","modified_gmt":"2026-03-09T21:32:48","slug":"balance-de-consulta-popular-ratifica-vigencia-del-modelo-participativo-ante-el-ejecutivo-nacional","status":"publish","type":"post","link":"https:\/\/prensapresidencialvenezuela.gob.ve\/index.php\/2026\/03\/09\/balance-de-consulta-popular-ratifica-vigencia-del-modelo-participativo-ante-el-ejecutivo-nacional\/","title":{"rendered":"Balance de consulta popular ratifica vigencia del modelo participativo ante el Ejecutivo Nacional"},"content":{"rendered":"\n<p><strong>Caracas, Venezuela. \u2013<\/strong> El Secretario General del PSUV, Diosdado Cabello, present\u00f3 una revisi\u00f3n autocr\u00edtica de los n\u00fameros arrojados por la \u00faltima jornada electoral, los cuales evidencian la consolidaci\u00f3n de un m\u00e9todo de gobierno compartido entre el Estado y las bases.<\/p>\n\n\n\n<p>El dirigente subray\u00f3 que la consulta dej\u00f3 de ser una iniciativa aislada para transformarse en un procedimiento institucionalizado que garantiza la estabilidad del tejido social a trav\u00e9s de la consulta permanente y el protagonismo ciudadano.<\/p>\n\n\n\n<p>Los resultados analizados por la dirigencia y la Presidencia Encargada muestran una evoluci\u00f3n en la cultura pol\u00edtica del electorado, orientada hacia la resoluci\u00f3n colectiva de problemas.<\/p>\n\n\n\n<p>Cabello puntualiz\u00f3 que este diagn\u00f3stico servir\u00e1 de base para la planificaci\u00f3n de futuras convocatorias, enfocadas en optimizar la inversi\u00f3n p\u00fablica y profundizar el ejercicio de la democracia directa en todos los municipios del pa\u00eds.<\/p>\n\n\n\n<p>Prensa Presidencial \/ Kaylib Maita <\/p>\n","protected":false},"excerpt":{"rendered":"<p>Caracas, Venezuela. \u2013 El Secretario General del PSUV, Diosdado Cabello, present\u00f3 una revisi\u00f3n autocr\u00edtica de los n\u00fameros arrojados por la \u00faltima jornada electoral, los cuales evidencian la consolidaci\u00f3n de un m\u00e9todo de gobierno compartido entre el Estado y las bases. El dirigente subray\u00f3 que la consulta dej\u00f3 de ser una iniciativa aislada para transformarse en [&hellip;]<\/p>\n","protected":false},"author":21,"featured_media":42822,"comment_status":"open","ping_status":"open","sticky":false,"template":"","format":"standard","meta":{"footnotes":""},"categories":[18,7],"tags":[1918,52,20],"class_list":["post-42815","post","type-post","status-publish","format-standard","has-post-thumbnail","hentry","category-noticias-principales","category-notas-de-prensa","tag-diosdado-cabello","tag-psuv","tag-venezuela"],"_links":{"self":[{"href":"https:\/\/prensapresidencialvenezuela.gob.ve\/index.php\/wp-json\/wp\/v2\/posts\/42815","targetHints":{"allow":["GET"]}}],"collection":[{"href":"https:\/\/prensapresidencialvenezuela.gob.ve\/index.php\/wp-json\/wp\/v2\/posts"}],"about":[{"href":"https:\/\/prensapresidencialvenezuela.gob.ve\/index.php\/wp-json\/wp\/v2\/types\/post"}],"author":[{"embeddable":true,"href":"https:\/\/prensapresidencialvenezuela.gob.ve\/index.php\/wp-json\/wp\/v2\/users\/21"}],"replies":[{"embeddable":true,"href":"https:\/\/prensapresidencialvenezuela.gob.ve\/index.php\/wp-json\/wp\/v2\/comments?post=42815"}],"version-history":[{"count":2,"href":"https:\/\/prensapresidencialvenezuela.gob.ve\/index.php\/wp-json\/wp\/v2\/posts\/42815\/revisions"}],"predecessor-version":[{"id":42823,"href":"https:\/\/prensapresidencialvenezuela.gob.ve\/index.php\/wp-json\/wp\/v2\/posts\/42815\/revisions\/42823"}],"wp:featuredmedia":[{"embeddable":true,"href":"https:\/\/prensapresidencialvenezuela.gob.ve\/index.php\/wp-json\/wp\/v2\/media\/42822"}],"wp:attachment":[{"href":"https:\/\/prensapresidencialvenezuela.gob.ve\/index.php\/wp-json\/wp\/v2\/media?parent=42815"}],"wp:term":[{"taxonomy":"category","embeddable":true,"href":"https:\/\/prensapresidencialvenezuela.gob.ve\/index.php\/wp-json\/wp\/v2\/categories?post=42815"},{"taxonomy":"post_tag","embeddable":true,"href":"https:\/\/prensapresidencialvenezuela.gob.ve\/index.php\/wp-json\/wp\/v2\/tags?post=42815"}],"curies":[{"name":"wp","href":"https:\/\/api.w.org\/{rel}","templated":true}]}}