{"id":42817,"date":"2026-03-09T17:33:19","date_gmt":"2026-03-09T21:33:19","guid":{"rendered":"https:\/\/prensapresidencialvenezuela.gob.ve\/?p=42817"},"modified":"2026-03-09T17:33:20","modified_gmt":"2026-03-09T21:33:20","slug":"ejecutivo-nacional-aprueba-recursos-para-gasificacion-directa-en-ciudad-tiuna","status":"publish","type":"post","link":"https:\/\/prensapresidencialvenezuela.gob.ve\/index.php\/2026\/03\/09\/ejecutivo-nacional-aprueba-recursos-para-gasificacion-directa-en-ciudad-tiuna\/","title":{"rendered":"Ejecutivo Nacional aprueba recursos para gasificaci\u00f3n directa en Ciudad Tiuna"},"content":{"rendered":"\n<p>Caracas, Venezuela. \u2013 La presidenta Encargada, Delcy Rodr\u00edguez, anunci\u00f3 la aprobaci\u00f3n de recursos destinados a la instalaci\u00f3n de sistemas de gas directo en el complejo habitacional Ciudad Tiuna de la Comuna Ara\u00f1ero de Sabaneta.<\/p>\n\n\n\n<p>Durante la jornada en el Sector Sim\u00f3n Rodr\u00edguez del complejo habitacional Ciudad Tiuna en la parroquia Coche, la Mandataria Encargada, junto a las autoridades del sector energ\u00e9tico y enlazada con Partido Socialista Unido de Venezuela (PSUV), formaliz\u00f3 el compromiso de PDVSA Gas para iniciar las labores de infraestructura t\u00e9cnica en los edificios de la zona.<\/p>\n\n\n\n<p>El cronograma de ejecuci\u00f3n establece un lapso de seis meses para la culminaci\u00f3n de las obras, cuya entrega se proyecta para el mes de septiembre del a\u00f1o en curso.<\/p>\n\n\n\n<p>Rodr\u00edguez subray\u00f3 que este proyecto surge de la articulaci\u00f3n directa con las mesas t\u00e9cnicas de energ\u00eda y la estatal gas\u00edfera, asegurando el monitoreo constante de los trabajos para garantizar el suministro por tuber\u00eda a las familias residentes.<\/p>\n\n\n\n<p>Prensa Presidencial \/ Kaylib Maita <\/p>\n","protected":false},"excerpt":{"rendered":"<p>Caracas, Venezuela. \u2013 La presidenta Encargada, Delcy Rodr\u00edguez, anunci\u00f3 la aprobaci\u00f3n de recursos destinados a la instalaci\u00f3n de sistemas de gas directo en el complejo habitacional Ciudad Tiuna de la Comuna Ara\u00f1ero de Sabaneta. Durante la jornada en el Sector Sim\u00f3n Rodr\u00edguez del complejo habitacional Ciudad Tiuna en la parroquia Coche, la Mandataria Encargada, junto [&hellip;]<\/p>\n","protected":false},"author":21,"featured_media":42820,"comment_status":"open","ping_status":"open","sticky":false,"template":"","format":"standard","meta":{"footnotes":""},"categories":[18,7],"tags":[81,122,455,20],"class_list":["post-42817","post","type-post","status-publish","format-standard","has-post-thumbnail","hentry","category-noticias-principales","category-notas-de-prensa","tag-comuna","tag-delcy-rodriguez","tag-pdvsa","tag-venezuela"],"_links":{"self":[{"href":"https:\/\/prensapresidencialvenezuela.gob.ve\/index.php\/wp-json\/wp\/v2\/posts\/42817","targetHints":{"allow":["GET"]}}],"collection":[{"href":"https:\/\/prensapresidencialvenezuela.gob.ve\/index.php\/wp-json\/wp\/v2\/posts"}],"about":[{"href":"https:\/\/prensapresidencialvenezuela.gob.ve\/index.php\/wp-json\/wp\/v2\/types\/post"}],"author":[{"embeddable":true,"href":"https:\/\/prensapresidencialvenezuela.gob.ve\/index.php\/wp-json\/wp\/v2\/users\/21"}],"replies":[{"embeddable":true,"href":"https:\/\/prensapresidencialvenezuela.gob.ve\/index.php\/wp-json\/wp\/v2\/comments?post=42817"}],"version-history":[{"count":1,"href":"https:\/\/prensapresidencialvenezuela.gob.ve\/index.php\/wp-json\/wp\/v2\/posts\/42817\/revisions"}],"predecessor-version":[{"id":42821,"href":"https:\/\/prensapresidencialvenezuela.gob.ve\/index.php\/wp-json\/wp\/v2\/posts\/42817\/revisions\/42821"}],"wp:featuredmedia":[{"embeddable":true,"href":"https:\/\/prensapresidencialvenezuela.gob.ve\/index.php\/wp-json\/wp\/v2\/media\/42820"}],"wp:attachment":[{"href":"https:\/\/prensapresidencialvenezuela.gob.ve\/index.php\/wp-json\/wp\/v2\/media?parent=42817"}],"wp:term":[{"taxonomy":"category","embeddable":true,"href":"https:\/\/prensapresidencialvenezuela.gob.ve\/index.php\/wp-json\/wp\/v2\/categories?post=42817"},{"taxonomy":"post_tag","embeddable":true,"href":"https:\/\/prensapresidencialvenezuela.gob.ve\/index.php\/wp-json\/wp\/v2\/tags?post=42817"}],"curies":[{"name":"wp","href":"https:\/\/api.w.org\/{rel}","templated":true}]}}