{"id":42828,"date":"2026-03-09T17:21:18","date_gmt":"2026-03-09T21:21:18","guid":{"rendered":"https:\/\/prensapresidencialvenezuela.gob.ve\/?p=42828"},"modified":"2026-03-09T17:21:18","modified_gmt":"2026-03-09T21:21:18","slug":"venezuela-da-continuidad-al-proyecto-bolivariano-y-fortalece-de-la-democracia-protagonica-y-participativa","status":"publish","type":"post","link":"https:\/\/prensapresidencialvenezuela.gob.ve\/index.php\/2026\/03\/09\/venezuela-da-continuidad-al-proyecto-bolivariano-y-fortalece-de-la-democracia-protagonica-y-participativa\/","title":{"rendered":"Venezuela da continuidad al Proyecto Bolivariano y fortalece de la democracia protag\u00f3nica y participativa"},"content":{"rendered":"\n<p><strong>Caracas, Venezuela. \u2013 <\/strong>El secretario del Partido Socialista Unido de Venezuela (PSUV) para Movimientos Sociales, H\u00e9ctor Rodr\u00edguez, resalt\u00f3 durante un pase televisivo, que Venezuela \u00abest\u00e1 d\u00e1ndole continuidad a la columna vertebral del proyecto chavista y bolivariano, y de la democracia protag\u00f3nica y participativa\u00bb.<strong><\/strong><\/p>\n\n\n\n<p>Asimismo, dijo que este domingo 8 de marzo, durante el proceso de asambleas, se postularon m\u00e1s de 36 mil proyectos comunitarios, en los que los ciudadanos participaron de manera directa y seleccionaron m\u00e1s de 5 mil 300 proyectos.<\/p>\n\n\n\n<p>Por tanto, Rodr\u00edguez subray\u00f3 que este nivel de participaci\u00f3n le da protagonismo al pueblo, y \u00abno solo en la caracterizaci\u00f3n de la problem\u00e1tica\u00bb, sino tambi\u00e9n al destino de los recursos.<\/p>\n\n\n\n<p>\u00abEs la demostraci\u00f3n de que Venezuela est\u00e1 mandando y gobernando el pueblo. Es la concreci\u00f3n del proyecto popular de Bol\u00edvar, de Ch\u00e1vez, y adem\u00e1s es la concreci\u00f3n de este proyecto de consultas que el presidente Nicol\u00e1s Maduro propuso para que se ejecutara a nivel nacional\u00bb, precis\u00f3 el secretario del PSUV para Movimientos Sociales.<\/p>\n\n\n\n<p>En este contexto, es relevante destacar que este domingo 8 de marzo, durante un contacto telef\u00f3nico, la presidenta Encargada, Delcy Rodr\u00edguez, tambi\u00e9n aprovech\u00f3 la oportunidad para reconocer la labor que ha estado desarrollando cada una de las comunas y circuitos comunales del pa\u00eds, por su hist\u00f3rica participaci\u00f3n.<\/p>\n\n\n\n<p><strong>Prensa Presidencial\/ Irmary D\u00edaz<\/strong><\/p>\n","protected":false},"excerpt":{"rendered":"<p>Caracas, Venezuela. \u2013 El secretario del Partido Socialista Unido de Venezuela (PSUV) para Movimientos Sociales, H\u00e9ctor Rodr\u00edguez, resalt\u00f3 durante un pase televisivo, que Venezuela \u00abest\u00e1 d\u00e1ndole continuidad a la columna vertebral del proyecto chavista y bolivariano, y de la democracia protag\u00f3nica y participativa\u00bb. Asimismo, dijo que este domingo 8 de marzo, durante el proceso de [&hellip;]<\/p>\n","protected":false},"author":15,"featured_media":42838,"comment_status":"open","ping_status":"open","sticky":false,"template":"","format":"standard","meta":{"footnotes":""},"categories":[18,7],"tags":[],"class_list":["post-42828","post","type-post","status-publish","format-standard","has-post-thumbnail","hentry","category-noticias-principales","category-notas-de-prensa"],"_links":{"self":[{"href":"https:\/\/prensapresidencialvenezuela.gob.ve\/index.php\/wp-json\/wp\/v2\/posts\/42828","targetHints":{"allow":["GET"]}}],"collection":[{"href":"https:\/\/prensapresidencialvenezuela.gob.ve\/index.php\/wp-json\/wp\/v2\/posts"}],"about":[{"href":"https:\/\/prensapresidencialvenezuela.gob.ve\/index.php\/wp-json\/wp\/v2\/types\/post"}],"author":[{"embeddable":true,"href":"https:\/\/prensapresidencialvenezuela.gob.ve\/index.php\/wp-json\/wp\/v2\/users\/15"}],"replies":[{"embeddable":true,"href":"https:\/\/prensapresidencialvenezuela.gob.ve\/index.php\/wp-json\/wp\/v2\/comments?post=42828"}],"version-history":[{"count":1,"href":"https:\/\/prensapresidencialvenezuela.gob.ve\/index.php\/wp-json\/wp\/v2\/posts\/42828\/revisions"}],"predecessor-version":[{"id":42840,"href":"https:\/\/prensapresidencialvenezuela.gob.ve\/index.php\/wp-json\/wp\/v2\/posts\/42828\/revisions\/42840"}],"wp:featuredmedia":[{"embeddable":true,"href":"https:\/\/prensapresidencialvenezuela.gob.ve\/index.php\/wp-json\/wp\/v2\/media\/42838"}],"wp:attachment":[{"href":"https:\/\/prensapresidencialvenezuela.gob.ve\/index.php\/wp-json\/wp\/v2\/media?parent=42828"}],"wp:term":[{"taxonomy":"category","embeddable":true,"href":"https:\/\/prensapresidencialvenezuela.gob.ve\/index.php\/wp-json\/wp\/v2\/categories?post=42828"},{"taxonomy":"post_tag","embeddable":true,"href":"https:\/\/prensapresidencialvenezuela.gob.ve\/index.php\/wp-json\/wp\/v2\/tags?post=42828"}],"curies":[{"name":"wp","href":"https:\/\/api.w.org\/{rel}","templated":true}]}}