{"id":42842,"date":"2026-03-09T17:25:44","date_gmt":"2026-03-09T21:25:44","guid":{"rendered":"https:\/\/prensapresidencialvenezuela.gob.ve\/?p=42842"},"modified":"2026-03-09T17:25:44","modified_gmt":"2026-03-09T21:25:44","slug":"historica-participacion-en-consulta-popular-nacional-2026-consolida-la-paz-y-la-democracia-en-venezuela","status":"publish","type":"post","link":"https:\/\/prensapresidencialvenezuela.gob.ve\/index.php\/2026\/03\/09\/historica-participacion-en-consulta-popular-nacional-2026-consolida-la-paz-y-la-democracia-en-venezuela\/","title":{"rendered":"Hist\u00f3rica participaci\u00f3n en Consulta Popular Nacional 2026 consolida la paz y la democracia en Venezuela"},"content":{"rendered":"\n<p><strong>Caracas, Venezuela. \u2013 <\/strong>Este lunes, Subsecretario General y jefe de Propaganda y Contrapropaganda del (Partido Socialista Unido de Venezuela (PSUV), Jorge Rodr\u00edguez, destac\u00f3 la hist\u00f3rica participaci\u00f3n que tuvo este domingo 8 se marzo, el pueblo de Venezuela, al expresar que \u00abesta forma de organizaci\u00f3n pol\u00edtico-territorial promueve la democracia directa, desde el barrio, desde la cancha, y desde la organizaci\u00f3n.<\/p>\n\n\n\n<p>Al mismo tiempo, ha se\u00f1alado que el pueblo venezolano ha demostrado con la masiva participaci\u00f3n, que esta supero la Consulta Popular Nacional que se efectu\u00f3 en noviembre del 2025.<\/p>\n\n\n\n<p>El presidente de la AN tambi\u00e9n manifest\u00f3 que Venezuela est\u00e1 enviando un \u00abmensaje muy claro, fuerte y poderoso\u00bb, y el de continuar fortaleciendo la democracia, pero, adem\u00e1s, \u00abla construcci\u00f3n de la paz, la concordia y de un proceso de convivencia democr\u00e1tica\u00bb.<\/p>\n\n\n\n<p>En el mismo orden de ideas, Rodr\u00edguez record\u00f3 palabras del presidente Nicol\u00e1s Maduro, cuando propuso que cada tres, cuatro meses se incrementara la participaci\u00f3n, debido a que es muestra de la fortaleza y la democracia que est\u00e1 impl\u00edcita.<\/p>\n\n\n\n<p>Por \u00faltimo, asever\u00f3 que el pueblo venezolano es quien decide con su voto, cu\u00e1les son los proyectos que deben atenderse en su comunidad, as\u00ed como las prioridades de inversi\u00f3n para sus territorios.<\/p>\n\n\n\n<p><strong>Prensa Presidencial\/ Irmary D\u00edaz <\/strong><strong><\/strong><\/p>\n","protected":false},"excerpt":{"rendered":"<p>Caracas, Venezuela. \u2013 Este lunes, Subsecretario General y jefe de Propaganda y Contrapropaganda del (Partido Socialista Unido de Venezuela (PSUV), Jorge Rodr\u00edguez, destac\u00f3 la hist\u00f3rica participaci\u00f3n que tuvo este domingo 8 se marzo, el pueblo de Venezuela, al expresar que \u00abesta forma de organizaci\u00f3n pol\u00edtico-territorial promueve la democracia directa, desde el barrio, desde la cancha, [&hellip;]<\/p>\n","protected":false},"author":15,"featured_media":42845,"comment_status":"open","ping_status":"open","sticky":false,"template":"","format":"standard","meta":{"footnotes":""},"categories":[18,7],"tags":[],"class_list":["post-42842","post","type-post","status-publish","format-standard","has-post-thumbnail","hentry","category-noticias-principales","category-notas-de-prensa"],"_links":{"self":[{"href":"https:\/\/prensapresidencialvenezuela.gob.ve\/index.php\/wp-json\/wp\/v2\/posts\/42842","targetHints":{"allow":["GET"]}}],"collection":[{"href":"https:\/\/prensapresidencialvenezuela.gob.ve\/index.php\/wp-json\/wp\/v2\/posts"}],"about":[{"href":"https:\/\/prensapresidencialvenezuela.gob.ve\/index.php\/wp-json\/wp\/v2\/types\/post"}],"author":[{"embeddable":true,"href":"https:\/\/prensapresidencialvenezuela.gob.ve\/index.php\/wp-json\/wp\/v2\/users\/15"}],"replies":[{"embeddable":true,"href":"https:\/\/prensapresidencialvenezuela.gob.ve\/index.php\/wp-json\/wp\/v2\/comments?post=42842"}],"version-history":[{"count":1,"href":"https:\/\/prensapresidencialvenezuela.gob.ve\/index.php\/wp-json\/wp\/v2\/posts\/42842\/revisions"}],"predecessor-version":[{"id":42846,"href":"https:\/\/prensapresidencialvenezuela.gob.ve\/index.php\/wp-json\/wp\/v2\/posts\/42842\/revisions\/42846"}],"wp:featuredmedia":[{"embeddable":true,"href":"https:\/\/prensapresidencialvenezuela.gob.ve\/index.php\/wp-json\/wp\/v2\/media\/42845"}],"wp:attachment":[{"href":"https:\/\/prensapresidencialvenezuela.gob.ve\/index.php\/wp-json\/wp\/v2\/media?parent=42842"}],"wp:term":[{"taxonomy":"category","embeddable":true,"href":"https:\/\/prensapresidencialvenezuela.gob.ve\/index.php\/wp-json\/wp\/v2\/categories?post=42842"},{"taxonomy":"post_tag","embeddable":true,"href":"https:\/\/prensapresidencialvenezuela.gob.ve\/index.php\/wp-json\/wp\/v2\/tags?post=42842"}],"curies":[{"name":"wp","href":"https:\/\/api.w.org\/{rel}","templated":true}]}}