{"id":4286,"date":"2022-12-28T20:04:00","date_gmt":"2022-12-28T20:04:00","guid":{"rendered":"http:\/\/172.27.0.121\/?p=4286"},"modified":"2022-12-29T00:05:57","modified_gmt":"2022-12-29T00:05:57","slug":"operacion-roraima-se-profundiza-en-defensa-del-ambiente","status":"publish","type":"post","link":"https:\/\/prensapresidencialvenezuela.gob.ve\/index.php\/2022\/12\/28\/operacion-roraima-se-profundiza-en-defensa-del-ambiente\/","title":{"rendered":"Operaci\u00f3n Roraima se profundiza en defensa del ambiente"},"content":{"rendered":"\n<p><strong>Fuerte Tiuna, Caracas.-<\/strong>&nbsp;El presidente de la Rep\u00fablica, Nicol\u00e1s Maduro Moros, orden\u00f3 a la Fuerza Armada Nacional Bolivariana (FANB) profundizar la Operaci\u00f3n Roraima en defensa del ambiente ante bandas criminales que se dedican a la mineria ilegales en el sur del pa\u00eds.<\/p>\n\n\n\n<p>\u00abVamos a multiplicar los esfuerzos por la defensa de la naturaleza, de la selva, de los r\u00edos, por la defensa del sistema ecol\u00f3gico venezolano\u00bb, instruy\u00f3 durante el acto de salutaci\u00f3n de fin de a\u00f1o a la FANB que se realiz\u00f3 este mi\u00e9rcoles en Fuerte Tiuna, Caracas.<\/p>\n\n\n\n<p>En este contexto, el Jefe de Estado enalteci\u00f3 la labor de rescate y protecci\u00f3n a las comunidades afectadas por las lluvias en los meses de octubre y noviembre de 2022.<\/p>\n\n\n\n<p>\u00abEn Las Tejer\u00edas, en El Casta\u00f1o, en M\u00e9rida, en T\u00e1chira, en Trujillo, en La Guaira, all\u00ed estuvo la Fuerza Armada Nacional Bolivariana extendiendo su mano, extendiendo su abrazo al pueblo que lo necesit\u00f3. Hoy podemos decir que la atenci\u00f3n a las zonas de desastres de lluvias fue todo un \u00e9xito, gracias a la disciplina y a la capacidad de acci\u00f3n del Poder Popular y del poder militar\u00bb, recalc\u00f3.<\/p>\n\n\n\n<p>El tambi\u00e9n Comandante en Jefe de la FANB reiter\u00f3 su llamado a defender la Patria desde los valores revolucionarios del Libertador Sim\u00f3n Bolivar y el Comandante Hugo Ch\u00e1vez.<\/p>\n\n\n\n<p><strong>Prensa Presidencial \/ Karla Cotoret<\/strong><\/p>\n","protected":false},"excerpt":{"rendered":"<p>Fuerte Tiuna, Caracas.-&nbsp;El presidente de la Rep\u00fablica, Nicol\u00e1s Maduro Moros, orden\u00f3 a la Fuerza Armada Nacional Bolivariana (FANB) profundizar la Operaci\u00f3n Roraima en defensa del ambiente ante bandas criminales que se dedican a la mineria ilegales en el sur del pa\u00eds. \u00abVamos a multiplicar los esfuerzos por la defensa de la naturaleza, de la selva, [&hellip;]<\/p>\n","protected":false},"author":6,"featured_media":4287,"comment_status":"open","ping_status":"open","sticky":false,"template":"","format":"standard","meta":{"footnotes":""},"categories":[7],"tags":[],"class_list":["post-4286","post","type-post","status-publish","format-standard","has-post-thumbnail","hentry","category-notas-de-prensa"],"_links":{"self":[{"href":"https:\/\/prensapresidencialvenezuela.gob.ve\/index.php\/wp-json\/wp\/v2\/posts\/4286","targetHints":{"allow":["GET"]}}],"collection":[{"href":"https:\/\/prensapresidencialvenezuela.gob.ve\/index.php\/wp-json\/wp\/v2\/posts"}],"about":[{"href":"https:\/\/prensapresidencialvenezuela.gob.ve\/index.php\/wp-json\/wp\/v2\/types\/post"}],"author":[{"embeddable":true,"href":"https:\/\/prensapresidencialvenezuela.gob.ve\/index.php\/wp-json\/wp\/v2\/users\/6"}],"replies":[{"embeddable":true,"href":"https:\/\/prensapresidencialvenezuela.gob.ve\/index.php\/wp-json\/wp\/v2\/comments?post=4286"}],"version-history":[{"count":1,"href":"https:\/\/prensapresidencialvenezuela.gob.ve\/index.php\/wp-json\/wp\/v2\/posts\/4286\/revisions"}],"predecessor-version":[{"id":4288,"href":"https:\/\/prensapresidencialvenezuela.gob.ve\/index.php\/wp-json\/wp\/v2\/posts\/4286\/revisions\/4288"}],"wp:featuredmedia":[{"embeddable":true,"href":"https:\/\/prensapresidencialvenezuela.gob.ve\/index.php\/wp-json\/wp\/v2\/media\/4287"}],"wp:attachment":[{"href":"https:\/\/prensapresidencialvenezuela.gob.ve\/index.php\/wp-json\/wp\/v2\/media?parent=4286"}],"wp:term":[{"taxonomy":"category","embeddable":true,"href":"https:\/\/prensapresidencialvenezuela.gob.ve\/index.php\/wp-json\/wp\/v2\/categories?post=4286"},{"taxonomy":"post_tag","embeddable":true,"href":"https:\/\/prensapresidencialvenezuela.gob.ve\/index.php\/wp-json\/wp\/v2\/tags?post=4286"}],"curies":[{"name":"wp","href":"https:\/\/api.w.org\/{rel}","templated":true}]}}