{"id":42860,"date":"2026-03-09T19:31:08","date_gmt":"2026-03-09T23:31:08","guid":{"rendered":"https:\/\/prensapresidencialvenezuela.gob.ve\/?p=42860"},"modified":"2026-03-09T19:49:23","modified_gmt":"2026-03-09T23:49:23","slug":"presidenta-e-delcy-rodriguez-lidera-reunion-de-trabajo-para-fortalecer-la-dinamica-energetica-nacional-e-internacional","status":"publish","type":"post","link":"https:\/\/prensapresidencialvenezuela.gob.ve\/index.php\/2026\/03\/09\/presidenta-e-delcy-rodriguez-lidera-reunion-de-trabajo-para-fortalecer-la-dinamica-energetica-nacional-e-internacional\/","title":{"rendered":"Presidenta (E) Delcy Rodr\u00edguez lidera reuni\u00f3n de trabajo para fortalecer la din\u00e1mica energ\u00e9tica nacional e internacional"},"content":{"rendered":"\n<p><strong>Miranda, Venezuela.- <\/strong>La presidenta Encargada de la Rep\u00fablica Bolivariana de Venezuela, Delcy Rodr\u00edguez, encabez\u00f3 este lunes una reuni\u00f3n de trabajo con el objetivo de consolidar la agenda energ\u00e9tica estrat\u00e9gica de la Naci\u00f3n.<\/p>\n\n\n\n<p>En el encuentro participan el presidente de la estatal petrolera, H\u00e9ctor Obreg\u00f3n, adem\u00e1s de otros miembros de la Junta Directiva, as\u00ed como tambi\u00e9n los viceministros del Ministerio del Poder Popular de Hidrocarburos.<\/p>\n\n\n\n<figure class=\"wp-block-image size-large\"><img fetchpriority=\"high\" decoding=\"async\" width=\"1024\" height=\"683\" src=\"https:\/\/prensapresidencialvenezuela.gob.ve\/wp-content\/uploads\/2026\/03\/JC_L7807-1024x683.jpg\" alt=\"\" class=\"wp-image-42862\" srcset=\"https:\/\/prensapresidencialvenezuela.gob.ve\/wp-content\/uploads\/2026\/03\/JC_L7807-1024x683.jpg 1024w, https:\/\/prensapresidencialvenezuela.gob.ve\/wp-content\/uploads\/2026\/03\/JC_L7807-300x200.jpg 300w, https:\/\/prensapresidencialvenezuela.gob.ve\/wp-content\/uploads\/2026\/03\/JC_L7807-768x512.jpg 768w, https:\/\/prensapresidencialvenezuela.gob.ve\/wp-content\/uploads\/2026\/03\/JC_L7807-1536x1024.jpg 1536w, https:\/\/prensapresidencialvenezuela.gob.ve\/wp-content\/uploads\/2026\/03\/JC_L7807-2048x1366.jpg 2048w\" sizes=\"(max-width: 1024px) 100vw, 1024px\" \/><\/figure>\n\n\n\n<p>Esta jornada de planificaci\u00f3n busca dinamizar las alianzas comerciales con socios internacionales y potenciar la capacidad de Venezuela como referente energ\u00e9tico global, a fin de consolidar el crecimiento del pa\u00eds como potencia.<\/p>\n\n\n\n<figure class=\"wp-block-image size-large\"><img decoding=\"async\" width=\"1024\" height=\"683\" src=\"https:\/\/prensapresidencialvenezuela.gob.ve\/wp-content\/uploads\/2026\/03\/JC_L7874-1024x683.jpg\" alt=\"\" class=\"wp-image-42863\" srcset=\"https:\/\/prensapresidencialvenezuela.gob.ve\/wp-content\/uploads\/2026\/03\/JC_L7874-1024x683.jpg 1024w, https:\/\/prensapresidencialvenezuela.gob.ve\/wp-content\/uploads\/2026\/03\/JC_L7874-300x200.jpg 300w, https:\/\/prensapresidencialvenezuela.gob.ve\/wp-content\/uploads\/2026\/03\/JC_L7874-768x512.jpg 768w, https:\/\/prensapresidencialvenezuela.gob.ve\/wp-content\/uploads\/2026\/03\/JC_L7874-1536x1024.jpg 1536w, https:\/\/prensapresidencialvenezuela.gob.ve\/wp-content\/uploads\/2026\/03\/JC_L7874-2048x1366.jpg 2048w\" sizes=\"(max-width: 1024px) 100vw, 1024px\" \/><\/figure>\n\n\n\n<p>Asimismo, la agenda de trabajo incluy\u00f3 una revisi\u00f3n profunda de los lineamientos estrat\u00e9gicos del \u00e1mbito petroqu\u00edmico, sector fundamental para la transformaci\u00f3n de materias primas y la diversificaci\u00f3n de la econom\u00eda nacional. <\/p>\n\n\n\n<p>Durante el desarrollo de la actividad, se destacaron los avances en materia de cooperaci\u00f3n internacional, incluyendo los recientes acercamientos de alto nivel con autoridades del sector energ\u00e9tico estadounidense para reactivar proyectos conjuntos bajo esquemas de beneficio mutuo. <\/p>\n\n\n\n<p><strong>Prensa Presidencial\/ Iliana Rosales<\/strong><\/p>\n","protected":false},"excerpt":{"rendered":"<p>Miranda, Venezuela.- La presidenta Encargada de la Rep\u00fablica Bolivariana de Venezuela, Delcy Rodr\u00edguez, encabez\u00f3 este lunes una reuni\u00f3n de trabajo con el objetivo de consolidar la agenda energ\u00e9tica estrat\u00e9gica de la Naci\u00f3n. En el encuentro participan el presidente de la estatal petrolera, H\u00e9ctor Obreg\u00f3n, adem\u00e1s de otros miembros de la Junta Directiva, as\u00ed como tambi\u00e9n [&hellip;]<\/p>\n","protected":false},"author":19,"featured_media":42861,"comment_status":"open","ping_status":"open","sticky":false,"template":"","format":"standard","meta":{"footnotes":""},"categories":[18,7],"tags":[],"class_list":["post-42860","post","type-post","status-publish","format-standard","has-post-thumbnail","hentry","category-noticias-principales","category-notas-de-prensa"],"_links":{"self":[{"href":"https:\/\/prensapresidencialvenezuela.gob.ve\/index.php\/wp-json\/wp\/v2\/posts\/42860","targetHints":{"allow":["GET"]}}],"collection":[{"href":"https:\/\/prensapresidencialvenezuela.gob.ve\/index.php\/wp-json\/wp\/v2\/posts"}],"about":[{"href":"https:\/\/prensapresidencialvenezuela.gob.ve\/index.php\/wp-json\/wp\/v2\/types\/post"}],"author":[{"embeddable":true,"href":"https:\/\/prensapresidencialvenezuela.gob.ve\/index.php\/wp-json\/wp\/v2\/users\/19"}],"replies":[{"embeddable":true,"href":"https:\/\/prensapresidencialvenezuela.gob.ve\/index.php\/wp-json\/wp\/v2\/comments?post=42860"}],"version-history":[{"count":3,"href":"https:\/\/prensapresidencialvenezuela.gob.ve\/index.php\/wp-json\/wp\/v2\/posts\/42860\/revisions"}],"predecessor-version":[{"id":42871,"href":"https:\/\/prensapresidencialvenezuela.gob.ve\/index.php\/wp-json\/wp\/v2\/posts\/42860\/revisions\/42871"}],"wp:featuredmedia":[{"embeddable":true,"href":"https:\/\/prensapresidencialvenezuela.gob.ve\/index.php\/wp-json\/wp\/v2\/media\/42861"}],"wp:attachment":[{"href":"https:\/\/prensapresidencialvenezuela.gob.ve\/index.php\/wp-json\/wp\/v2\/media?parent=42860"}],"wp:term":[{"taxonomy":"category","embeddable":true,"href":"https:\/\/prensapresidencialvenezuela.gob.ve\/index.php\/wp-json\/wp\/v2\/categories?post=42860"},{"taxonomy":"post_tag","embeddable":true,"href":"https:\/\/prensapresidencialvenezuela.gob.ve\/index.php\/wp-json\/wp\/v2\/tags?post=42860"}],"curies":[{"name":"wp","href":"https:\/\/api.w.org\/{rel}","templated":true}]}}