{"id":4289,"date":"2022-12-28T20:06:00","date_gmt":"2022-12-28T20:06:00","guid":{"rendered":"http:\/\/172.27.0.121\/?p=4289"},"modified":"2022-12-29T00:07:02","modified_gmt":"2022-12-29T00:07:02","slug":"presidente-maduro-tenemos-una-fanb-del-pueblo","status":"publish","type":"post","link":"https:\/\/prensapresidencialvenezuela.gob.ve\/index.php\/2022\/12\/28\/presidente-maduro-tenemos-una-fanb-del-pueblo\/","title":{"rendered":"Presidente Maduro: Tenemos una FANB del pueblo"},"content":{"rendered":"\n<p><strong>Fuerte Tiuna, Caracas.-<\/strong>&nbsp;El presidente de la Rep\u00fablica, Nicol\u00e1s Maduro, resalt\u00f3 que la refundaci\u00f3n de la Fuerza Armada Nacional Bolivariana (FANB) hecha por el Comandante Hugo Ch\u00e1vez, permiti\u00f3 la formaci\u00f3n de oficiales con valores revolucionarios y socialistas.<\/p>\n\n\n\n<p>\u00abGracias a Dios tuvimos un Comandante Ch\u00e1vez que refund\u00f3 nuestras fuerzas militares y gracias a Dios tenemos una Fuerza Armada Nacional Bolivariana del pueblo, para el pueblo, con el pueblo, humanista, bolivariana, revolucionaria y socialista que respeta, ama y protege al pueblo\u00bb, expres\u00f3 en el acto de salutaci\u00f3n de fin de a\u00f1o a la FANB realizado en Fuerte Tiuna, ubicado en Caracas.<\/p>\n\n\n\n<p>En este contexto, el Mandatario nacional inst\u00f3 a los soldados bolivarianos a defender la Patria desde la fe profunda y desde los valores del Libertador Sim\u00f3n Bolivar y del Comandante Hugo Ch\u00e1vez.<\/p>\n\n\n\n<p>\u00abYo -como Comandante en Jefe- me siento orgulloso de la Fuerza Armada Nacional Bolivariana que me toca comandar\u00bb, recalc\u00f3, al tiempo que augur\u00f3 un 2023 de uni\u00f3n c\u00edvico-militar para Venezuela.<\/p>\n\n\n\n<p><strong>Prensa Presidencial \/ Karla Cotoret<\/strong><\/p>\n","protected":false},"excerpt":{"rendered":"<p>Fuerte Tiuna, Caracas.-&nbsp;El presidente de la Rep\u00fablica, Nicol\u00e1s Maduro, resalt\u00f3 que la refundaci\u00f3n de la Fuerza Armada Nacional Bolivariana (FANB) hecha por el Comandante Hugo Ch\u00e1vez, permiti\u00f3 la formaci\u00f3n de oficiales con valores revolucionarios y socialistas. \u00abGracias a Dios tuvimos un Comandante Ch\u00e1vez que refund\u00f3 nuestras fuerzas militares y gracias a Dios tenemos una Fuerza [&hellip;]<\/p>\n","protected":false},"author":6,"featured_media":4290,"comment_status":"open","ping_status":"open","sticky":false,"template":"","format":"standard","meta":{"footnotes":""},"categories":[7],"tags":[],"class_list":["post-4289","post","type-post","status-publish","format-standard","has-post-thumbnail","hentry","category-notas-de-prensa"],"_links":{"self":[{"href":"https:\/\/prensapresidencialvenezuela.gob.ve\/index.php\/wp-json\/wp\/v2\/posts\/4289","targetHints":{"allow":["GET"]}}],"collection":[{"href":"https:\/\/prensapresidencialvenezuela.gob.ve\/index.php\/wp-json\/wp\/v2\/posts"}],"about":[{"href":"https:\/\/prensapresidencialvenezuela.gob.ve\/index.php\/wp-json\/wp\/v2\/types\/post"}],"author":[{"embeddable":true,"href":"https:\/\/prensapresidencialvenezuela.gob.ve\/index.php\/wp-json\/wp\/v2\/users\/6"}],"replies":[{"embeddable":true,"href":"https:\/\/prensapresidencialvenezuela.gob.ve\/index.php\/wp-json\/wp\/v2\/comments?post=4289"}],"version-history":[{"count":1,"href":"https:\/\/prensapresidencialvenezuela.gob.ve\/index.php\/wp-json\/wp\/v2\/posts\/4289\/revisions"}],"predecessor-version":[{"id":4291,"href":"https:\/\/prensapresidencialvenezuela.gob.ve\/index.php\/wp-json\/wp\/v2\/posts\/4289\/revisions\/4291"}],"wp:featuredmedia":[{"embeddable":true,"href":"https:\/\/prensapresidencialvenezuela.gob.ve\/index.php\/wp-json\/wp\/v2\/media\/4290"}],"wp:attachment":[{"href":"https:\/\/prensapresidencialvenezuela.gob.ve\/index.php\/wp-json\/wp\/v2\/media?parent=4289"}],"wp:term":[{"taxonomy":"category","embeddable":true,"href":"https:\/\/prensapresidencialvenezuela.gob.ve\/index.php\/wp-json\/wp\/v2\/categories?post=4289"},{"taxonomy":"post_tag","embeddable":true,"href":"https:\/\/prensapresidencialvenezuela.gob.ve\/index.php\/wp-json\/wp\/v2\/tags?post=4289"}],"curies":[{"name":"wp","href":"https:\/\/api.w.org\/{rel}","templated":true}]}}