{"id":42899,"date":"2026-03-10T20:09:16","date_gmt":"2026-03-11T00:09:16","guid":{"rendered":"https:\/\/prensapresidencialvenezuela.gob.ve\/?p=42899"},"modified":"2026-03-10T20:14:57","modified_gmt":"2026-03-11T00:14:57","slug":"presidenta-e-delcy-rodriguez-promulga-la-ley-de-la-cruz-roja-venezolana-en-conmemoracion-por-el-dia-del-medico","status":"publish","type":"post","link":"https:\/\/prensapresidencialvenezuela.gob.ve\/index.php\/2026\/03\/10\/presidenta-e-delcy-rodriguez-promulga-la-ley-de-la-cruz-roja-venezolana-en-conmemoracion-por-el-dia-del-medico\/","title":{"rendered":"Presidenta (E) Delcy Rodr\u00edguez promulga la Ley de la Cruz Roja Venezolana en conmemoraci\u00f3n por el D\u00eda del M\u00e9dico"},"content":{"rendered":"\n<p><strong>Palacio de Miraflores, Caracas. \u2013<\/strong> En el marco del D\u00eda Nacional del M\u00e9dico, la presidenta Encargada de la Rep\u00fablica Bolivariana de Venezuela, Delcy Rodr\u00edguez, encabeza este martes el acto central donde se formalizar\u00e1 la promulgaci\u00f3n de la nueva Ley de la Cruz Roja Venezolana.<\/p>\n\n\n\n<p>Este instrumento jur\u00eddico busca redefinir a la instituci\u00f3n como un ente de derecho p\u00fablico con car\u00e1cter auxiliar de los poderes p\u00fablicos, permitiendo modernizar su infraestructura y fortalecer la transparencia bajo los principios de soberan\u00eda y neutralidad, integr\u00e1ndola formalmente al Sistema Nacional de Gesti\u00f3n de Riesgos.<\/p>\n\n\n\n<p>El evento cuenta con la presencia de la Vicepresidenta Sectorial Isabel Iturria, la Ministra de Salud Nuramy Guti\u00e9rrez, y los representantes de la Asamblea Nacional, Pedro Infante, Jehyson Guzm\u00e1n y Antonio Ecarri. Asimismo, asiste la directiva de la Cruz Roja encabezada por Luis Manuel Far\u00edas, junto a delegados internacionales de la FICR y el CICR, y la Jefa de Enfermer\u00eda Mar\u00eda Teresa P\u00e1rima, recientemente galardonada con la Medalla Florence Nightingale por sus 74 a\u00f1os de trayectoria, acompa\u00f1ados por un destacado cuerpo de voluntarios y socorristas.<\/p>\n\n\n\n<p>Esta normativa est\u00e1 orientada a fortalecer la protecci\u00f3n de los voluntarios y la labor humanitaria en el pa\u00eds, aline\u00e1ndose con los objetivos del Plan por la Salud y la Vida 2026.<\/p>\n\n\n\n<p>La promulgaci\u00f3n de esta ley representar\u00e1 un hito legislativo para garantizar el respeto al Derecho Internacional Humanitario y asegurar mecanismos de fiscalizaci\u00f3n y apoyo estatal que potencien el alcance social de la instituci\u00f3n.<\/p>\n\n\n\n<p>Con este acto, Venezuela se dispone a reafirmar su voluntad de proteger a quienes salvan vidas, celebrando la abnegaci\u00f3n m\u00e9dica y la institucionalidad humanitaria.<\/p>\n\n\n\n<p>Prensa Presidencial \/ Kaylib Maita <\/p>\n","protected":false},"excerpt":{"rendered":"<p>Palacio de Miraflores, Caracas. \u2013 En el marco del D\u00eda Nacional del M\u00e9dico, la presidenta Encargada de la Rep\u00fablica Bolivariana de Venezuela, Delcy Rodr\u00edguez, encabeza este martes el acto central donde se formalizar\u00e1 la promulgaci\u00f3n de la nueva Ley de la Cruz Roja Venezolana. Este instrumento jur\u00eddico busca redefinir a la instituci\u00f3n como un ente [&hellip;]<\/p>\n","protected":false},"author":21,"featured_media":42915,"comment_status":"open","ping_status":"open","sticky":false,"template":"","format":"standard","meta":{"footnotes":""},"categories":[18,7],"tags":[1923,1922,1924,1891,20],"class_list":["post-42899","post","type-post","status-publish","format-standard","has-post-thumbnail","hentry","category-noticias-principales","category-notas-de-prensa","tag-cruz-roja","tag-dia-del-medico","tag-ley-de-la-cruz-roja","tag-presidenta-encargada-delcy-rodriguez","tag-venezuela"],"_links":{"self":[{"href":"https:\/\/prensapresidencialvenezuela.gob.ve\/index.php\/wp-json\/wp\/v2\/posts\/42899","targetHints":{"allow":["GET"]}}],"collection":[{"href":"https:\/\/prensapresidencialvenezuela.gob.ve\/index.php\/wp-json\/wp\/v2\/posts"}],"about":[{"href":"https:\/\/prensapresidencialvenezuela.gob.ve\/index.php\/wp-json\/wp\/v2\/types\/post"}],"author":[{"embeddable":true,"href":"https:\/\/prensapresidencialvenezuela.gob.ve\/index.php\/wp-json\/wp\/v2\/users\/21"}],"replies":[{"embeddable":true,"href":"https:\/\/prensapresidencialvenezuela.gob.ve\/index.php\/wp-json\/wp\/v2\/comments?post=42899"}],"version-history":[{"count":3,"href":"https:\/\/prensapresidencialvenezuela.gob.ve\/index.php\/wp-json\/wp\/v2\/posts\/42899\/revisions"}],"predecessor-version":[{"id":42902,"href":"https:\/\/prensapresidencialvenezuela.gob.ve\/index.php\/wp-json\/wp\/v2\/posts\/42899\/revisions\/42902"}],"wp:featuredmedia":[{"embeddable":true,"href":"https:\/\/prensapresidencialvenezuela.gob.ve\/index.php\/wp-json\/wp\/v2\/media\/42915"}],"wp:attachment":[{"href":"https:\/\/prensapresidencialvenezuela.gob.ve\/index.php\/wp-json\/wp\/v2\/media?parent=42899"}],"wp:term":[{"taxonomy":"category","embeddable":true,"href":"https:\/\/prensapresidencialvenezuela.gob.ve\/index.php\/wp-json\/wp\/v2\/categories?post=42899"},{"taxonomy":"post_tag","embeddable":true,"href":"https:\/\/prensapresidencialvenezuela.gob.ve\/index.php\/wp-json\/wp\/v2\/tags?post=42899"}],"curies":[{"name":"wp","href":"https:\/\/api.w.org\/{rel}","templated":true}]}}