{"id":42905,"date":"2026-03-10T20:12:51","date_gmt":"2026-03-11T00:12:51","guid":{"rendered":"https:\/\/prensapresidencialvenezuela.gob.ve\/?p=42905"},"modified":"2026-03-10T20:12:52","modified_gmt":"2026-03-11T00:12:52","slug":"ejecutivo-nacional-firma-ley-de-la-cruz-roja-para-su-promulgacion","status":"publish","type":"post","link":"https:\/\/prensapresidencialvenezuela.gob.ve\/index.php\/2026\/03\/10\/ejecutivo-nacional-firma-ley-de-la-cruz-roja-para-su-promulgacion\/","title":{"rendered":"Ejecutivo Nacional firma Ley de la Cruz Roja para su promulgaci\u00f3n"},"content":{"rendered":"\n<p><strong>Palacio Miraflores, Caracas.-<\/strong> En el marco de la celebraci\u00f3n del D\u00eda del M\u00e9dico, este martes, la presidenta Encargada de la Rep\u00fablica Bolivariana de Venezuela, Delcy Rodr\u00edguez, firm\u00f3 la Ley de la Cruz Roja Venezolana para su promulgaci\u00f3n.<\/p>\n\n\n\n<p>Acompa\u00f1ada de la vicepresidenta sectorial de Ciencia, Tecnolog\u00eda, Ecosocialismo y Salud, Isabel Iturria; y de la ministra del Poder Popular para la Salud, Nuramy Guti\u00e9rrez Gonz\u00e1lez, la Mandataria Nacional Encargada resalt\u00f3 el buen esp\u00edritu de los profesionales de la salud, \u00abporque sabemos que tienen una entrega en desprendimiento para cuidar la vida de los dem\u00e1s, para atender la buena salud de los ciudadanos, de las ciudadanas\u00bb, explic\u00f3.<\/p>\n\n\n\n<p>Este logro es un paso importante para el sector salud, ya que el Estado venezolano reconoce las virtudes de esta instituci\u00f3n internacional y su desempe\u00f1o dentro del sistema de gesti\u00f3n de riesgos.<\/p>\n\n\n\n<p>La Cruz Roja Venezolana, \u00absiendo una organizaci\u00f3n independiente, neutral, se convierte tambi\u00e9n en un \u00f3rgano auxiliar de nuestro sistema de gesti\u00f3n de riesgos\u00bb, agreg\u00f3 Rodr\u00edguez tras recibir a sus m\u00e1ximas autoridades en el Palacio de Miraflores.<\/p>\n\n\n\n<p>En este mismo contexto, la presidenta (E) Delcy Rodr\u00edguez aprovech\u00f3 la ocasi\u00f3n para reiterar su agradecimiento a todos los m\u00e9dicos y m\u00e9dicas del pa\u00eds que, con su compromiso y profesionalismo, contribuyen a la salud y bienestar del pueblo venezolano.<\/p>\n\n\n\n<p><\/p>\n\n\n\n<p><strong>Prensa Presidencial\/ Claudia Guerra M\u00e9ndez<\/strong><\/p>\n","protected":false},"excerpt":{"rendered":"<p>Palacio Miraflores, Caracas.- En el marco de la celebraci\u00f3n del D\u00eda del M\u00e9dico, este martes, la presidenta Encargada de la Rep\u00fablica Bolivariana de Venezuela, Delcy Rodr\u00edguez, firm\u00f3 la Ley de la Cruz Roja Venezolana para su promulgaci\u00f3n. Acompa\u00f1ada de la vicepresidenta sectorial de Ciencia, Tecnolog\u00eda, Ecosocialismo y Salud, Isabel Iturria; y de la ministra del [&hellip;]<\/p>\n","protected":false},"author":18,"featured_media":42906,"comment_status":"open","ping_status":"open","sticky":false,"template":"","format":"standard","meta":{"footnotes":""},"categories":[18,7],"tags":[1924,1891,164,20],"class_list":["post-42905","post","type-post","status-publish","format-standard","has-post-thumbnail","hentry","category-noticias-principales","category-notas-de-prensa","tag-ley-de-la-cruz-roja","tag-presidenta-encargada-delcy-rodriguez","tag-salud","tag-venezuela"],"_links":{"self":[{"href":"https:\/\/prensapresidencialvenezuela.gob.ve\/index.php\/wp-json\/wp\/v2\/posts\/42905","targetHints":{"allow":["GET"]}}],"collection":[{"href":"https:\/\/prensapresidencialvenezuela.gob.ve\/index.php\/wp-json\/wp\/v2\/posts"}],"about":[{"href":"https:\/\/prensapresidencialvenezuela.gob.ve\/index.php\/wp-json\/wp\/v2\/types\/post"}],"author":[{"embeddable":true,"href":"https:\/\/prensapresidencialvenezuela.gob.ve\/index.php\/wp-json\/wp\/v2\/users\/18"}],"replies":[{"embeddable":true,"href":"https:\/\/prensapresidencialvenezuela.gob.ve\/index.php\/wp-json\/wp\/v2\/comments?post=42905"}],"version-history":[{"count":1,"href":"https:\/\/prensapresidencialvenezuela.gob.ve\/index.php\/wp-json\/wp\/v2\/posts\/42905\/revisions"}],"predecessor-version":[{"id":42907,"href":"https:\/\/prensapresidencialvenezuela.gob.ve\/index.php\/wp-json\/wp\/v2\/posts\/42905\/revisions\/42907"}],"wp:featuredmedia":[{"embeddable":true,"href":"https:\/\/prensapresidencialvenezuela.gob.ve\/index.php\/wp-json\/wp\/v2\/media\/42906"}],"wp:attachment":[{"href":"https:\/\/prensapresidencialvenezuela.gob.ve\/index.php\/wp-json\/wp\/v2\/media?parent=42905"}],"wp:term":[{"taxonomy":"category","embeddable":true,"href":"https:\/\/prensapresidencialvenezuela.gob.ve\/index.php\/wp-json\/wp\/v2\/categories?post=42905"},{"taxonomy":"post_tag","embeddable":true,"href":"https:\/\/prensapresidencialvenezuela.gob.ve\/index.php\/wp-json\/wp\/v2\/tags?post=42905"}],"curies":[{"name":"wp","href":"https:\/\/api.w.org\/{rel}","templated":true}]}}