{"id":42910,"date":"2026-03-10T20:20:00","date_gmt":"2026-03-11T00:20:00","guid":{"rendered":"https:\/\/prensapresidencialvenezuela.gob.ve\/?p=42910"},"modified":"2026-03-10T20:20:01","modified_gmt":"2026-03-11T00:20:01","slug":"gobierno-bolivariano-entrega-cdi-simon-jose-romero-madrid-totalmente-recuperado-en-macarao","status":"publish","type":"post","link":"https:\/\/prensapresidencialvenezuela.gob.ve\/index.php\/2026\/03\/10\/gobierno-bolivariano-entrega-cdi-simon-jose-romero-madrid-totalmente-recuperado-en-macarao\/","title":{"rendered":"Gobierno Bolivariano entrega CDI \u00abSim\u00f3n Jos\u00e9 Romero Madrid\u00bb totalmente recuperado en Macarao"},"content":{"rendered":"\n<p><strong>Macarao, Caracas. <\/strong>\u2013 En el marco de la celebraci\u00f3n del D\u00eda Nacional del M\u00e9dico y como parte del fortalecimiento del Sistema P\u00fablico Nacional de Salud, la presidenta Encargada, Delcy Rodr\u00edguez, lider\u00f3 este martes un pase satelital a la parroquia Macarao para la reinauguraci\u00f3n del Centro de Diagn\u00f3stico Integral (CDI) \u00abSim\u00f3n Jos\u00e9 Romero Madrid\u00bb.<\/p>\n\n\n\n<p>La actividad estuvo encabezada desde el sitio por la alcaldesa de Caracas, A.J. Carmen Mel\u00e9ndez, quien destac\u00f3 que el centro de salud ha sido recuperado al 100% en su infraestructura y equipamiento. \u00abAqu\u00ed el pueblo de Macarao est\u00e1 contento por la apertura de este CDI rehabilitado al 100% equipado y lo estamos entregando de paquete en el d\u00eda de hoy\u00bb.<\/p>\n\n\n\n<p>Por su parte, la viceministra de Salud Integral, Dra. Rosalbina Hurtado, detall\u00f3 que este centro asistencial tiene una capacidad de atenci\u00f3n mensual aproximada de 5.200 personas.<\/p>\n\n\n\n<p>Asimismo, resalt\u00f3 que el espacio funciona como n\u00facleo de formaci\u00f3n de la Universidad de las Ciencias de la Salud, integrando a estudiantes de pregrado y m\u00e9dicos reci\u00e9n egresados que ya se encuentran realizando su Art\u00edculo 8 para servir a la comunidad.<\/p>\n\n\n\n<p>La obra, situada en el \u00e1mbito de la Comuna \u00abJorge Rodr\u00edguez Padre\u00bb, representa un triunfo de la democracia directa, ya que la comunidad organizada y el equipo m\u00e9dico, liderado por el Dr. William, participaron activamente en la supervisi\u00f3n de la recuperaci\u00f3n integral de este centro que hoy abre sus puertas con tecnolog\u00eda de punta y atenci\u00f3n gratuita de calidad.<\/p>\n\n\n\n<p>Prensa Presidencial \/ Kaylib Maita <\/p>\n","protected":false},"excerpt":{"rendered":"<p>Macarao, Caracas. \u2013 En el marco de la celebraci\u00f3n del D\u00eda Nacional del M\u00e9dico y como parte del fortalecimiento del Sistema P\u00fablico Nacional de Salud, la presidenta Encargada, Delcy Rodr\u00edguez, lider\u00f3 este martes un pase satelital a la parroquia Macarao para la reinauguraci\u00f3n del Centro de Diagn\u00f3stico Integral (CDI) \u00abSim\u00f3n Jos\u00e9 Romero Madrid\u00bb. La actividad [&hellip;]<\/p>\n","protected":false},"author":21,"featured_media":42912,"comment_status":"open","ping_status":"open","sticky":false,"template":"","format":"standard","meta":{"footnotes":""},"categories":[18,7],"tags":[495,1925,1927,1891,20],"class_list":["post-42910","post","type-post","status-publish","format-standard","has-post-thumbnail","hentry","category-noticias-principales","category-notas-de-prensa","tag-cdi","tag-dia-del-medico-2","tag-parroquia-macarao","tag-presidenta-encargada-delcy-rodriguez","tag-venezuela"],"_links":{"self":[{"href":"https:\/\/prensapresidencialvenezuela.gob.ve\/index.php\/wp-json\/wp\/v2\/posts\/42910","targetHints":{"allow":["GET"]}}],"collection":[{"href":"https:\/\/prensapresidencialvenezuela.gob.ve\/index.php\/wp-json\/wp\/v2\/posts"}],"about":[{"href":"https:\/\/prensapresidencialvenezuela.gob.ve\/index.php\/wp-json\/wp\/v2\/types\/post"}],"author":[{"embeddable":true,"href":"https:\/\/prensapresidencialvenezuela.gob.ve\/index.php\/wp-json\/wp\/v2\/users\/21"}],"replies":[{"embeddable":true,"href":"https:\/\/prensapresidencialvenezuela.gob.ve\/index.php\/wp-json\/wp\/v2\/comments?post=42910"}],"version-history":[{"count":1,"href":"https:\/\/prensapresidencialvenezuela.gob.ve\/index.php\/wp-json\/wp\/v2\/posts\/42910\/revisions"}],"predecessor-version":[{"id":42918,"href":"https:\/\/prensapresidencialvenezuela.gob.ve\/index.php\/wp-json\/wp\/v2\/posts\/42910\/revisions\/42918"}],"wp:featuredmedia":[{"embeddable":true,"href":"https:\/\/prensapresidencialvenezuela.gob.ve\/index.php\/wp-json\/wp\/v2\/media\/42912"}],"wp:attachment":[{"href":"https:\/\/prensapresidencialvenezuela.gob.ve\/index.php\/wp-json\/wp\/v2\/media?parent=42910"}],"wp:term":[{"taxonomy":"category","embeddable":true,"href":"https:\/\/prensapresidencialvenezuela.gob.ve\/index.php\/wp-json\/wp\/v2\/categories?post=42910"},{"taxonomy":"post_tag","embeddable":true,"href":"https:\/\/prensapresidencialvenezuela.gob.ve\/index.php\/wp-json\/wp\/v2\/tags?post=42910"}],"curies":[{"name":"wp","href":"https:\/\/api.w.org\/{rel}","templated":true}]}}