{"id":42914,"date":"2026-03-10T20:16:41","date_gmt":"2026-03-11T00:16:41","guid":{"rendered":"https:\/\/prensapresidencialvenezuela.gob.ve\/?p=42914"},"modified":"2026-03-10T20:16:41","modified_gmt":"2026-03-11T00:16:41","slug":"1-mil-660-jovenes-venezolanos-se-graduan-como-medicos-integrales-comunitarios","status":"publish","type":"post","link":"https:\/\/prensapresidencialvenezuela.gob.ve\/index.php\/2026\/03\/10\/1-mil-660-jovenes-venezolanos-se-graduan-como-medicos-integrales-comunitarios\/","title":{"rendered":"1 mil 660 j\u00f3venes venezolanos se grad\u00faan como M\u00e9dicos Integrales Comunitarios"},"content":{"rendered":"\n<p><strong>Palacio de Miraflores, Caracas.-<\/strong> Desde el Palacio de Miraflores, la presidenta Encargada de la Rep\u00fablica Bolivariana de Venezuela, Delcy Rodr\u00edguez, celebr\u00f3 la graduaci\u00f3n de 1 mil 660 M\u00e9dicos Integrales Comunitarios que se integrar\u00e1n de manera inmediata al sistema p\u00fablico de salud del pa\u00eds.<\/p>\n\n\n\n<p>Este acto no solo representa un avance significativo en la formaci\u00f3n de profesionales de la salud, sino que tambi\u00e9n reafirma el compromiso del Gobierno Nacional con el pueblo venezolano.<\/p>\n\n\n\n<p>Rodr\u00edguez, en homenaje a los m\u00e9dicos en su d\u00eda, dijo que esta formaci\u00f3n de profesionales en medicina es parte del \u00abreconocimiento a lo que debe ser el derecho a la salud, que es un derecho humano, y en Venezuela el derecho a la salud gratuita\u00bb.<\/p>\n\n\n\n<figure class=\"wp-block-image size-large\"><img fetchpriority=\"high\" decoding=\"async\" width=\"1024\" height=\"683\" src=\"https:\/\/prensapresidencialvenezuela.gob.ve\/wp-content\/uploads\/2026\/03\/02_ZC__9209_P-1024x683.jpg\" alt=\"\" class=\"wp-image-42919\" srcset=\"https:\/\/prensapresidencialvenezuela.gob.ve\/wp-content\/uploads\/2026\/03\/02_ZC__9209_P-1024x683.jpg 1024w, https:\/\/prensapresidencialvenezuela.gob.ve\/wp-content\/uploads\/2026\/03\/02_ZC__9209_P-300x200.jpg 300w, https:\/\/prensapresidencialvenezuela.gob.ve\/wp-content\/uploads\/2026\/03\/02_ZC__9209_P-768x512.jpg 768w, https:\/\/prensapresidencialvenezuela.gob.ve\/wp-content\/uploads\/2026\/03\/02_ZC__9209_P-1536x1025.jpg 1536w, https:\/\/prensapresidencialvenezuela.gob.ve\/wp-content\/uploads\/2026\/03\/02_ZC__9209_P-2048x1366.jpg 2048w\" sizes=\"(max-width: 1024px) 100vw, 1024px\" \/><\/figure>\n\n\n\n<p><strong>M\u00e1s especialistas en medicina<\/strong><\/p>\n\n\n\n<p>La Mandataria Nacional Encargada tambi\u00e9n dio a conocer que, actualmente, 41 mil 531 estudiantes de pregrado y 4 mil 618 estudiantes de posgrado est\u00e1n cursando estudios de medicina en la Universidad Hugo Ch\u00e1vez Fr\u00edas de Ciencias de la Salud.<\/p>\n\n\n\n<p>La incorporaci\u00f3n de estos nuevos profesionales a la red de hospitales p\u00fablicos es la reafirmaci\u00f3n de la importancia de garantizar un acceso equitativo y gratuito a la atenci\u00f3n m\u00e9dica. En Venezuela, la salud p\u00fablica no es solo un servicio, sino un derecho que se defiende y se promueve con cada acci\u00f3n.<\/p>\n\n\n\n<p><strong>Prensa Presidencial\/ Claudia Guerra M\u00e9ndez<\/strong><\/p>\n","protected":false},"excerpt":{"rendered":"<p>Palacio de Miraflores, Caracas.- Desde el Palacio de Miraflores, la presidenta Encargada de la Rep\u00fablica Bolivariana de Venezuela, Delcy Rodr\u00edguez, celebr\u00f3 la graduaci\u00f3n de 1 mil 660 M\u00e9dicos Integrales Comunitarios que se integrar\u00e1n de manera inmediata al sistema p\u00fablico de salud del pa\u00eds. Este acto no solo representa un avance significativo en la formaci\u00f3n de [&hellip;]<\/p>\n","protected":false},"author":18,"featured_media":42916,"comment_status":"open","ping_status":"open","sticky":false,"template":"","format":"standard","meta":{"footnotes":""},"categories":[18,7],"tags":[1891,164,20],"class_list":["post-42914","post","type-post","status-publish","format-standard","has-post-thumbnail","hentry","category-noticias-principales","category-notas-de-prensa","tag-presidenta-encargada-delcy-rodriguez","tag-salud","tag-venezuela"],"_links":{"self":[{"href":"https:\/\/prensapresidencialvenezuela.gob.ve\/index.php\/wp-json\/wp\/v2\/posts\/42914","targetHints":{"allow":["GET"]}}],"collection":[{"href":"https:\/\/prensapresidencialvenezuela.gob.ve\/index.php\/wp-json\/wp\/v2\/posts"}],"about":[{"href":"https:\/\/prensapresidencialvenezuela.gob.ve\/index.php\/wp-json\/wp\/v2\/types\/post"}],"author":[{"embeddable":true,"href":"https:\/\/prensapresidencialvenezuela.gob.ve\/index.php\/wp-json\/wp\/v2\/users\/18"}],"replies":[{"embeddable":true,"href":"https:\/\/prensapresidencialvenezuela.gob.ve\/index.php\/wp-json\/wp\/v2\/comments?post=42914"}],"version-history":[{"count":2,"href":"https:\/\/prensapresidencialvenezuela.gob.ve\/index.php\/wp-json\/wp\/v2\/posts\/42914\/revisions"}],"predecessor-version":[{"id":42920,"href":"https:\/\/prensapresidencialvenezuela.gob.ve\/index.php\/wp-json\/wp\/v2\/posts\/42914\/revisions\/42920"}],"wp:featuredmedia":[{"embeddable":true,"href":"https:\/\/prensapresidencialvenezuela.gob.ve\/index.php\/wp-json\/wp\/v2\/media\/42916"}],"wp:attachment":[{"href":"https:\/\/prensapresidencialvenezuela.gob.ve\/index.php\/wp-json\/wp\/v2\/media?parent=42914"}],"wp:term":[{"taxonomy":"category","embeddable":true,"href":"https:\/\/prensapresidencialvenezuela.gob.ve\/index.php\/wp-json\/wp\/v2\/categories?post=42914"},{"taxonomy":"post_tag","embeddable":true,"href":"https:\/\/prensapresidencialvenezuela.gob.ve\/index.php\/wp-json\/wp\/v2\/tags?post=42914"}],"curies":[{"name":"wp","href":"https:\/\/api.w.org\/{rel}","templated":true}]}}