{"id":42926,"date":"2026-03-10T20:40:00","date_gmt":"2026-03-11T00:40:00","guid":{"rendered":"https:\/\/prensapresidencialvenezuela.gob.ve\/?p=42926"},"modified":"2026-03-10T20:33:11","modified_gmt":"2026-03-11T00:33:11","slug":"41-000-estudiantes-de-la-salud-reciben-formacion-a-traves-de-un-taller-sobre-el-manejo-clinico-de-la-fiebre-amarilla","status":"publish","type":"post","link":"https:\/\/prensapresidencialvenezuela.gob.ve\/index.php\/2026\/03\/10\/41-000-estudiantes-de-la-salud-reciben-formacion-a-traves-de-un-taller-sobre-el-manejo-clinico-de-la-fiebre-amarilla\/","title":{"rendered":"41.000 estudiantes de la salud reciben formaci\u00f3n a trav\u00e9s de un Taller sobre el manejo cl\u00ednico de la fiebre amarilla"},"content":{"rendered":"\n<p><strong>Palacio de Miraflores, Caracas. &#8211;<\/strong> La presidenta Encargada, Delcy Rodr\u00edguez, anunci\u00f3 el lanzamiento de un taller te\u00f3rico-pr\u00e1ctico sobre el manejo cl\u00ednico de la fiebre amarilla, dise\u00f1ado para formar a 41.000 estudiantes de la Universidad de las Ciencias de la Salud (UCS).<\/p>\n\n\n\n<p>El rector de la instituci\u00f3n, Carlos Alvarado, explic\u00f3 que la formaci\u00f3n se imparte a trav\u00e9s de una plataforma virtual e incluye m\u00f3dulos sobre inmunizaci\u00f3n, eliminaci\u00f3n de criaderos y trabajo de campo, con el objetivo de certificar a los alumnos para el abordaje masivo de esta enfermedad.<\/p>\n\n\n\n<p>Esta iniciativa acad\u00e9mica surge como una respuesta urgente ante el brote registrado en las Am\u00e9ricas y se vincula directamente con la pr\u00e1ctica profesional de los estudiantes.<\/p>\n\n\n\n<p>El programa garantiza que, tras aprobar la evaluaci\u00f3n virtual y las pr\u00e1cticas de vacunaci\u00f3n, los futuros m\u00e9dicos se incorporen a las labores de prevenci\u00f3n casa por casa, reforzando la integraci\u00f3n del sistema p\u00fablico de salud con las necesidades de las comunidades.<\/p>\n\n\n\n<p>Prensa Presidencial \/ Kaylib Maita <\/p>\n\n\n\n<p><\/p>\n","protected":false},"excerpt":{"rendered":"<p>Palacio de Miraflores, Caracas. &#8211; La presidenta Encargada, Delcy Rodr\u00edguez, anunci\u00f3 el lanzamiento de un taller te\u00f3rico-pr\u00e1ctico sobre el manejo cl\u00ednico de la fiebre amarilla, dise\u00f1ado para formar a 41.000 estudiantes de la Universidad de las Ciencias de la Salud (UCS). El rector de la instituci\u00f3n, Carlos Alvarado, explic\u00f3 que la formaci\u00f3n se imparte a [&hellip;]<\/p>\n","protected":false},"author":21,"featured_media":42928,"comment_status":"open","ping_status":"open","sticky":false,"template":"","format":"standard","meta":{"footnotes":""},"categories":[18,7],"tags":[1929,1891,164,20],"class_list":["post-42926","post","type-post","status-publish","format-standard","has-post-thumbnail","hentry","category-noticias-principales","category-notas-de-prensa","tag-fiebre-amarilla","tag-presidenta-encargada-delcy-rodriguez","tag-salud","tag-venezuela"],"_links":{"self":[{"href":"https:\/\/prensapresidencialvenezuela.gob.ve\/index.php\/wp-json\/wp\/v2\/posts\/42926","targetHints":{"allow":["GET"]}}],"collection":[{"href":"https:\/\/prensapresidencialvenezuela.gob.ve\/index.php\/wp-json\/wp\/v2\/posts"}],"about":[{"href":"https:\/\/prensapresidencialvenezuela.gob.ve\/index.php\/wp-json\/wp\/v2\/types\/post"}],"author":[{"embeddable":true,"href":"https:\/\/prensapresidencialvenezuela.gob.ve\/index.php\/wp-json\/wp\/v2\/users\/21"}],"replies":[{"embeddable":true,"href":"https:\/\/prensapresidencialvenezuela.gob.ve\/index.php\/wp-json\/wp\/v2\/comments?post=42926"}],"version-history":[{"count":2,"href":"https:\/\/prensapresidencialvenezuela.gob.ve\/index.php\/wp-json\/wp\/v2\/posts\/42926\/revisions"}],"predecessor-version":[{"id":42935,"href":"https:\/\/prensapresidencialvenezuela.gob.ve\/index.php\/wp-json\/wp\/v2\/posts\/42926\/revisions\/42935"}],"wp:featuredmedia":[{"embeddable":true,"href":"https:\/\/prensapresidencialvenezuela.gob.ve\/index.php\/wp-json\/wp\/v2\/media\/42928"}],"wp:attachment":[{"href":"https:\/\/prensapresidencialvenezuela.gob.ve\/index.php\/wp-json\/wp\/v2\/media?parent=42926"}],"wp:term":[{"taxonomy":"category","embeddable":true,"href":"https:\/\/prensapresidencialvenezuela.gob.ve\/index.php\/wp-json\/wp\/v2\/categories?post=42926"},{"taxonomy":"post_tag","embeddable":true,"href":"https:\/\/prensapresidencialvenezuela.gob.ve\/index.php\/wp-json\/wp\/v2\/tags?post=42926"}],"curies":[{"name":"wp","href":"https:\/\/api.w.org\/{rel}","templated":true}]}}