{"id":42937,"date":"2026-03-10T20:47:08","date_gmt":"2026-03-11T00:47:08","guid":{"rendered":"https:\/\/prensapresidencialvenezuela.gob.ve\/?p=42937"},"modified":"2026-04-06T14:33:23","modified_gmt":"2026-04-06T18:33:23","slug":"estado-aragua-refuerza-control-epidemiologico-con-mas-de-20-000-dosis-aplicadas-contra-la-fiebre-amarilla","status":"publish","type":"post","link":"https:\/\/prensapresidencialvenezuela.gob.ve\/index.php\/2026\/03\/10\/estado-aragua-refuerza-control-epidemiologico-con-mas-de-20-000-dosis-aplicadas-contra-la-fiebre-amarilla\/","title":{"rendered":"Estado Aragua refuerza control epidemiol\u00f3gico con m\u00e1s de 20.000 dosis aplicadas contra la Fiebre Amarilla"},"content":{"rendered":"\n<p><strong>Aragua, Venezuela. &#8211;<\/strong> En el marco de un despliegue especial de salud, la Autoridad \u00danica de Salud de Aragua, Dra. Yosmari Lombano, inform\u00f3 que se han aplicado m\u00e1s de 20.000 dosis de vacunas contra la fiebre amarilla en el territorio regional.<\/p>\n\n\n\n<p>El abordaje se concentra en cinco municipios priorizados: Camatagua, San Casimiro, San Sebasti\u00e1n, Libertador y Zamora, donde los equipos t\u00e9cnicos realizan jornadas diarias de inmunizaci\u00f3n, abatizaci\u00f3n y fumigaci\u00f3n en horarios matutinos y vespertinos.<\/p>\n\n\n\n<figure class=\"wp-block-image size-large\"><img fetchpriority=\"high\" decoding=\"async\" width=\"1024\" height=\"768\" src=\"https:\/\/prensapresidencialvenezuela.gob.ve\/wp-content\/uploads\/2026\/03\/5010598569840413559-1024x768.jpg\" alt=\"\" class=\"wp-image-42940\" srcset=\"https:\/\/prensapresidencialvenezuela.gob.ve\/wp-content\/uploads\/2026\/03\/5010598569840413559-1024x768.jpg 1024w, https:\/\/prensapresidencialvenezuela.gob.ve\/wp-content\/uploads\/2026\/03\/5010598569840413559-300x225.jpg 300w, https:\/\/prensapresidencialvenezuela.gob.ve\/wp-content\/uploads\/2026\/03\/5010598569840413559-768x576.jpg 768w, https:\/\/prensapresidencialvenezuela.gob.ve\/wp-content\/uploads\/2026\/03\/5010598569840413559-1536x1152.jpg 1536w, https:\/\/prensapresidencialvenezuela.gob.ve\/wp-content\/uploads\/2026\/03\/5010598569840413559-2048x1536.jpg 2048w\" sizes=\"(max-width: 1024px) 100vw, 1024px\" \/><\/figure>\n\n\n\n<p>El despliegue cuenta con el apoyo de la Gobernaci\u00f3n del estado y sigue los lineamientos preventivos del Ejecutivo Nacional para enfrentar la coyuntura sanitaria regional.<\/p>\n\n\n\n<p>La doctora Lombano destac\u00f3 que el personal se mantiene en preparaci\u00f3n constante para atender cualquier novedad cl\u00ednica, trabajando directamente en el campo para asegurar la contenci\u00f3n del vector y la protecci\u00f3n de los habitantes de los municipios abordados.<\/p>\n\n\n\n<p>Prensa Presidencial \/ Kaylib Maita <\/p>\n","protected":false},"excerpt":{"rendered":"<p>Aragua, Venezuela. &#8211; En el marco de un despliegue especial de salud, la Autoridad \u00danica de Salud de Aragua, Dra. Yosmari Lombano, inform\u00f3 que se han aplicado m\u00e1s de 20.000 dosis de vacunas contra la fiebre amarilla en el territorio regional. El abordaje se concentra en cinco municipios priorizados: Camatagua, San Casimiro, San Sebasti\u00e1n, Libertador [&hellip;]<\/p>\n","protected":false},"author":21,"featured_media":42939,"comment_status":"open","ping_status":"open","sticky":false,"template":"","format":"standard","meta":{"footnotes":""},"categories":[18,7],"tags":[1736,1929,151,1891,1930],"class_list":["post-42937","post","type-post","status-publish","format-standard","has-post-thumbnail","hentry","category-noticias-principales","category-notas-de-prensa","tag-aragua","tag-fiebre-amarilla","tag-gobierno-bolivariano","tag-presidenta-encargada-delcy-rodriguez","tag-vacunas"],"_links":{"self":[{"href":"https:\/\/prensapresidencialvenezuela.gob.ve\/index.php\/wp-json\/wp\/v2\/posts\/42937","targetHints":{"allow":["GET"]}}],"collection":[{"href":"https:\/\/prensapresidencialvenezuela.gob.ve\/index.php\/wp-json\/wp\/v2\/posts"}],"about":[{"href":"https:\/\/prensapresidencialvenezuela.gob.ve\/index.php\/wp-json\/wp\/v2\/types\/post"}],"author":[{"embeddable":true,"href":"https:\/\/prensapresidencialvenezuela.gob.ve\/index.php\/wp-json\/wp\/v2\/users\/21"}],"replies":[{"embeddable":true,"href":"https:\/\/prensapresidencialvenezuela.gob.ve\/index.php\/wp-json\/wp\/v2\/comments?post=42937"}],"version-history":[{"count":1,"href":"https:\/\/prensapresidencialvenezuela.gob.ve\/index.php\/wp-json\/wp\/v2\/posts\/42937\/revisions"}],"predecessor-version":[{"id":42941,"href":"https:\/\/prensapresidencialvenezuela.gob.ve\/index.php\/wp-json\/wp\/v2\/posts\/42937\/revisions\/42941"}],"wp:featuredmedia":[{"embeddable":true,"href":"https:\/\/prensapresidencialvenezuela.gob.ve\/index.php\/wp-json\/wp\/v2\/media\/42939"}],"wp:attachment":[{"href":"https:\/\/prensapresidencialvenezuela.gob.ve\/index.php\/wp-json\/wp\/v2\/media?parent=42937"}],"wp:term":[{"taxonomy":"category","embeddable":true,"href":"https:\/\/prensapresidencialvenezuela.gob.ve\/index.php\/wp-json\/wp\/v2\/categories?post=42937"},{"taxonomy":"post_tag","embeddable":true,"href":"https:\/\/prensapresidencialvenezuela.gob.ve\/index.php\/wp-json\/wp\/v2\/tags?post=42937"}],"curies":[{"name":"wp","href":"https:\/\/api.w.org\/{rel}","templated":true}]}}