{"id":42942,"date":"2026-03-10T20:47:12","date_gmt":"2026-03-11T00:47:12","guid":{"rendered":"https:\/\/prensapresidencialvenezuela.gob.ve\/?p=42942"},"modified":"2026-04-06T14:33:15","modified_gmt":"2026-04-06T18:33:15","slug":"presidenta-e-delcy-rodriguez-reconoce-la-vocacion-de-servicio-de-los-medicos-venezolanos","status":"publish","type":"post","link":"https:\/\/prensapresidencialvenezuela.gob.ve\/index.php\/2026\/03\/10\/presidenta-e-delcy-rodriguez-reconoce-la-vocacion-de-servicio-de-los-medicos-venezolanos\/","title":{"rendered":"Presidenta (E) Delcy Rodr\u00edguez reconoce la vocaci\u00f3n de servicio de los m\u00e9dicos venezolanos"},"content":{"rendered":"\n<p><strong>Palacio de Miraflores, Caracas. &#8211;<\/strong> Durante el cierre de la jornada por el D\u00eda Nacional del M\u00e9dico, la presidenta Encargada, Delcy Rodr\u00edguez, ratific\u00f3 su reconocimiento a los profesionales de la salud por su desprendimiento y amor a la humanidad. \u00abS\u00e9 lo que es un m\u00e9dico que deja de comer para ir a atender a un paciente, que deja de dormir para ir a llevar salud\u00bb.<\/p>\n\n\n\n<p>La Mandataria Encargada resalt\u00f3 que la labor del gremio se fundamenta en una entrega absoluta que prioriza el bienestar del pr\u00f3jimo sobre el propio.<\/p>\n\n\n\n<p>Extendi\u00f3 una felicitaci\u00f3n oficial a todos los m\u00e9dicos y m\u00e9dicas de Venezuela, agradeciendo su atenci\u00f3n y compromiso diario en los centros de salud del pa\u00eds.<\/p>\n\n\n\n<p>El homenaje subray\u00f3 la vocaci\u00f3n de servicio de estos profesionales, calificando su trabajo como un acto de sacrificio constante que garantiza el derecho a la salud de todo el pueblo venezolano.<\/p>\n\n\n\n<p>Prensa Presidencial \/ Kaylib Maita <\/p>\n","protected":false},"excerpt":{"rendered":"<p>Palacio de Miraflores, Caracas. &#8211; Durante el cierre de la jornada por el D\u00eda Nacional del M\u00e9dico, la presidenta Encargada, Delcy Rodr\u00edguez, ratific\u00f3 su reconocimiento a los profesionales de la salud por su desprendimiento y amor a la humanidad. \u00abS\u00e9 lo que es un m\u00e9dico que deja de comer para ir a atender a un [&hellip;]<\/p>\n","protected":false},"author":21,"featured_media":42943,"comment_status":"open","ping_status":"open","sticky":false,"template":"","format":"standard","meta":{"footnotes":""},"categories":[18,7],"tags":[1931,1891,164],"class_list":["post-42942","post","type-post","status-publish","format-standard","has-post-thumbnail","hentry","category-noticias-principales","category-notas-de-prensa","tag-dia-nacional-del-medico","tag-presidenta-encargada-delcy-rodriguez","tag-salud"],"_links":{"self":[{"href":"https:\/\/prensapresidencialvenezuela.gob.ve\/index.php\/wp-json\/wp\/v2\/posts\/42942","targetHints":{"allow":["GET"]}}],"collection":[{"href":"https:\/\/prensapresidencialvenezuela.gob.ve\/index.php\/wp-json\/wp\/v2\/posts"}],"about":[{"href":"https:\/\/prensapresidencialvenezuela.gob.ve\/index.php\/wp-json\/wp\/v2\/types\/post"}],"author":[{"embeddable":true,"href":"https:\/\/prensapresidencialvenezuela.gob.ve\/index.php\/wp-json\/wp\/v2\/users\/21"}],"replies":[{"embeddable":true,"href":"https:\/\/prensapresidencialvenezuela.gob.ve\/index.php\/wp-json\/wp\/v2\/comments?post=42942"}],"version-history":[{"count":1,"href":"https:\/\/prensapresidencialvenezuela.gob.ve\/index.php\/wp-json\/wp\/v2\/posts\/42942\/revisions"}],"predecessor-version":[{"id":42946,"href":"https:\/\/prensapresidencialvenezuela.gob.ve\/index.php\/wp-json\/wp\/v2\/posts\/42942\/revisions\/42946"}],"wp:featuredmedia":[{"embeddable":true,"href":"https:\/\/prensapresidencialvenezuela.gob.ve\/index.php\/wp-json\/wp\/v2\/media\/42943"}],"wp:attachment":[{"href":"https:\/\/prensapresidencialvenezuela.gob.ve\/index.php\/wp-json\/wp\/v2\/media?parent=42942"}],"wp:term":[{"taxonomy":"category","embeddable":true,"href":"https:\/\/prensapresidencialvenezuela.gob.ve\/index.php\/wp-json\/wp\/v2\/categories?post=42942"},{"taxonomy":"post_tag","embeddable":true,"href":"https:\/\/prensapresidencialvenezuela.gob.ve\/index.php\/wp-json\/wp\/v2\/tags?post=42942"}],"curies":[{"name":"wp","href":"https:\/\/api.w.org\/{rel}","templated":true}]}}