{"id":42949,"date":"2026-03-10T20:39:00","date_gmt":"2026-03-11T00:39:00","guid":{"rendered":"https:\/\/prensapresidencialvenezuela.gob.ve\/?p=42949"},"modified":"2026-03-10T20:50:38","modified_gmt":"2026-03-11T00:50:38","slug":"alianza-publica-privada-avanza-para-fortalecer-el-plan-de-salud-2026","status":"publish","type":"post","link":"https:\/\/prensapresidencialvenezuela.gob.ve\/index.php\/2026\/03\/10\/alianza-publica-privada-avanza-para-fortalecer-el-plan-de-salud-2026\/","title":{"rendered":"Alianza p\u00fablica-privada avanza para fortalecer el Plan de Salud 2026"},"content":{"rendered":"\n<p><strong>Palacio de Miraflores, Caracas.-<\/strong> La presidenta Encargada de la Rep\u00fablica Bolivariana de Venezuela, Delcy Rodr\u00edguez, anunci\u00f3 este martes desde el Palacio de Miraflores que el Gobierno Nacional ha articulado con el Sistema de Salud Privado para ejecutar la atenci\u00f3n de patolog\u00edas y cirug\u00edas en todo el pa\u00eds.<\/p>\n\n\n\n<p>Durante un acto de reconocimiento a los m\u00e9dicos venezolanos en su d\u00eda y en compa\u00f1\u00eda de la vicepresidenta sectorial de Ciencia, Tecnolog\u00eda, Ecosocialismo y Salud, Isabel Iturria; y de la ministra del Poder Popular para la Salud, Nuramy Guti\u00e9rrez Gonz\u00e1lez, la Mandataria Nacional Encargada resalt\u00f3 que esta alianza es para \u00abatender las necesidades del pueblo m\u00e1s vulnerable y quienes tienen mayor dificultad para atender sus temas de salud\u00bb.<\/p>\n\n\n\n<p>Rodr\u00edguez dio a conocer esta informaci\u00f3n mientras present\u00f3 un balance del Plan para la Salud y la Vida 2026 y del Plan de Hemodinamia y de Colocaci\u00f3n de Marcapaso, explicados por las Doctoras Nuramy Guti\u00e9rrez e Isabel Iturria, respectivamente.<\/p>\n\n\n\n<p>A juicio de la Presidenta Encargada esta alianza p\u00fablica-privada no solo se enfoca en la atenci\u00f3n m\u00e9dica, sino que tambi\u00e9n busca integrar esfuerzos entre los diferentes sectores de salud para ofrecer un servicio m\u00e1s completo y accesible para el pueblo venezolano.<\/p>\n\n\n\n<p><strong>Prensa Presidencial\/ Claudia Guerra M\u00e9ndez<\/strong><\/p>\n","protected":false},"excerpt":{"rendered":"<p>Palacio de Miraflores, Caracas.- La presidenta Encargada de la Rep\u00fablica Bolivariana de Venezuela, Delcy Rodr\u00edguez, anunci\u00f3 este martes desde el Palacio de Miraflores que el Gobierno Nacional ha articulado con el Sistema de Salud Privado para ejecutar la atenci\u00f3n de patolog\u00edas y cirug\u00edas en todo el pa\u00eds. Durante un acto de reconocimiento a los m\u00e9dicos [&hellip;]<\/p>\n","protected":false},"author":18,"featured_media":42950,"comment_status":"open","ping_status":"open","sticky":false,"template":"","format":"standard","meta":{"footnotes":""},"categories":[18,7],"tags":[1891,164,20],"class_list":["post-42949","post","type-post","status-publish","format-standard","has-post-thumbnail","hentry","category-noticias-principales","category-notas-de-prensa","tag-presidenta-encargada-delcy-rodriguez","tag-salud","tag-venezuela"],"_links":{"self":[{"href":"https:\/\/prensapresidencialvenezuela.gob.ve\/index.php\/wp-json\/wp\/v2\/posts\/42949","targetHints":{"allow":["GET"]}}],"collection":[{"href":"https:\/\/prensapresidencialvenezuela.gob.ve\/index.php\/wp-json\/wp\/v2\/posts"}],"about":[{"href":"https:\/\/prensapresidencialvenezuela.gob.ve\/index.php\/wp-json\/wp\/v2\/types\/post"}],"author":[{"embeddable":true,"href":"https:\/\/prensapresidencialvenezuela.gob.ve\/index.php\/wp-json\/wp\/v2\/users\/18"}],"replies":[{"embeddable":true,"href":"https:\/\/prensapresidencialvenezuela.gob.ve\/index.php\/wp-json\/wp\/v2\/comments?post=42949"}],"version-history":[{"count":1,"href":"https:\/\/prensapresidencialvenezuela.gob.ve\/index.php\/wp-json\/wp\/v2\/posts\/42949\/revisions"}],"predecessor-version":[{"id":42951,"href":"https:\/\/prensapresidencialvenezuela.gob.ve\/index.php\/wp-json\/wp\/v2\/posts\/42949\/revisions\/42951"}],"wp:featuredmedia":[{"embeddable":true,"href":"https:\/\/prensapresidencialvenezuela.gob.ve\/index.php\/wp-json\/wp\/v2\/media\/42950"}],"wp:attachment":[{"href":"https:\/\/prensapresidencialvenezuela.gob.ve\/index.php\/wp-json\/wp\/v2\/media?parent=42949"}],"wp:term":[{"taxonomy":"category","embeddable":true,"href":"https:\/\/prensapresidencialvenezuela.gob.ve\/index.php\/wp-json\/wp\/v2\/categories?post=42949"},{"taxonomy":"post_tag","embeddable":true,"href":"https:\/\/prensapresidencialvenezuela.gob.ve\/index.php\/wp-json\/wp\/v2\/tags?post=42949"}],"curies":[{"name":"wp","href":"https:\/\/api.w.org\/{rel}","templated":true}]}}