{"id":42961,"date":"2026-03-10T21:22:52","date_gmt":"2026-03-11T01:22:52","guid":{"rendered":"https:\/\/prensapresidencialvenezuela.gob.ve\/?p=42961"},"modified":"2026-03-14T14:12:40","modified_gmt":"2026-03-14T18:12:40","slug":"7-mil-pacientes-venezolanos-ha-sido-diagnosticados-con-catarata","status":"publish","type":"post","link":"https:\/\/prensapresidencialvenezuela.gob.ve\/index.php\/2026\/03\/10\/7-mil-pacientes-venezolanos-ha-sido-diagnosticados-con-catarata\/","title":{"rendered":"7 mil pacientes venezolanos han sido diagnosticados con catarata"},"content":{"rendered":"\n<p><strong>Palacio de Miraflores, Caracas.-<\/strong> En un pase satelital desde el Palacio de Miraflores al Hospital Dr. Jes\u00fas Yerena de L\u00eddice, la presidenta Encargada de la Rep\u00fablica Bolivariana de Venezuela, Delcy Rodr\u00edguez, junto al personal del hospital dieron a conocer que m\u00e1s 7 mil personas han sido atendidas en consultas oftalmol\u00f3gicas, a escala nacional, donde se han realizado diagn\u00f3sticos y abordajes para detectar casos sospechosos de cataratas.<\/p>\n\n\n\n<p>Hasta la fecha, m\u00e1s de 3 mil 600 pacientes han sido intervenidos mediante la t\u00e9cnica de facoemulsificaci\u00f3n y la implantaci\u00f3n de lentes intraoculares, a trav\u00e9s de jornadas m\u00e9dico-quir\u00fargica dedicada a la atenci\u00f3n de pacientes con cataratas.<\/p>\n\n\n\n<p>Este esfuerzo se enmarca en la misi\u00f3n de brindar atenci\u00f3n de calidad a quienes m\u00e1s lo necesitan. Cabe destacar que, la catarata es la principal causa de ceguera a nivel mundial y a nivel nacional. Adem\u00e1s de esto, es la principal causa de ceguera reversible; lo que quiere decir que mediante esta cirug\u00eda, las personas recuperan su vista completamente.<\/p>\n\n\n\n<p>A trav\u00e9s del Plan por la Salud y la Vida 2026, ya est\u00e1n preparados mil pacientes m\u00e1s que ser\u00e1n intervenidos en los pr\u00f3ximos d\u00edas. Estos esfuerzos son posibles gracias a la dotaci\u00f3n de insumos, materiales, instrumental y equipamiento, que el Ejecutivo Nacional ha estado distribuyendo en toda la red hospitalaria del pa\u00eds.<\/p>\n\n\n\n<p><strong>Prensa Presidencial\/ Claudia Guerra M\u00e9ndez<\/strong><\/p>\n","protected":false},"excerpt":{"rendered":"<p>Palacio de Miraflores, Caracas.- En un pase satelital desde el Palacio de Miraflores al Hospital Dr. Jes\u00fas Yerena de L\u00eddice, la presidenta Encargada de la Rep\u00fablica Bolivariana de Venezuela, Delcy Rodr\u00edguez, junto al personal del hospital dieron a conocer que m\u00e1s 7 mil personas han sido atendidas en consultas oftalmol\u00f3gicas, a escala nacional, donde se [&hellip;]<\/p>\n","protected":false},"author":18,"featured_media":42954,"comment_status":"open","ping_status":"open","sticky":false,"template":"","format":"standard","meta":{"footnotes":""},"categories":[18,7],"tags":[1891,164,20],"class_list":["post-42961","post","type-post","status-publish","format-standard","has-post-thumbnail","hentry","category-noticias-principales","category-notas-de-prensa","tag-presidenta-encargada-delcy-rodriguez","tag-salud","tag-venezuela"],"_links":{"self":[{"href":"https:\/\/prensapresidencialvenezuela.gob.ve\/index.php\/wp-json\/wp\/v2\/posts\/42961","targetHints":{"allow":["GET"]}}],"collection":[{"href":"https:\/\/prensapresidencialvenezuela.gob.ve\/index.php\/wp-json\/wp\/v2\/posts"}],"about":[{"href":"https:\/\/prensapresidencialvenezuela.gob.ve\/index.php\/wp-json\/wp\/v2\/types\/post"}],"author":[{"embeddable":true,"href":"https:\/\/prensapresidencialvenezuela.gob.ve\/index.php\/wp-json\/wp\/v2\/users\/18"}],"replies":[{"embeddable":true,"href":"https:\/\/prensapresidencialvenezuela.gob.ve\/index.php\/wp-json\/wp\/v2\/comments?post=42961"}],"version-history":[{"count":3,"href":"https:\/\/prensapresidencialvenezuela.gob.ve\/index.php\/wp-json\/wp\/v2\/posts\/42961\/revisions"}],"predecessor-version":[{"id":43181,"href":"https:\/\/prensapresidencialvenezuela.gob.ve\/index.php\/wp-json\/wp\/v2\/posts\/42961\/revisions\/43181"}],"wp:featuredmedia":[{"embeddable":true,"href":"https:\/\/prensapresidencialvenezuela.gob.ve\/index.php\/wp-json\/wp\/v2\/media\/42954"}],"wp:attachment":[{"href":"https:\/\/prensapresidencialvenezuela.gob.ve\/index.php\/wp-json\/wp\/v2\/media?parent=42961"}],"wp:term":[{"taxonomy":"category","embeddable":true,"href":"https:\/\/prensapresidencialvenezuela.gob.ve\/index.php\/wp-json\/wp\/v2\/categories?post=42961"},{"taxonomy":"post_tag","embeddable":true,"href":"https:\/\/prensapresidencialvenezuela.gob.ve\/index.php\/wp-json\/wp\/v2\/tags?post=42961"}],"curies":[{"name":"wp","href":"https:\/\/api.w.org\/{rel}","templated":true}]}}