{"id":4298,"date":"2022-12-29T21:36:35","date_gmt":"2022-12-29T21:36:35","guid":{"rendered":"http:\/\/172.27.0.121\/?p=4298"},"modified":"2022-12-29T21:36:35","modified_gmt":"2022-12-29T21:36:35","slug":"aprobado-plan-anual-de-habitat-y-vivienda-2023","status":"publish","type":"post","link":"https:\/\/prensapresidencialvenezuela.gob.ve\/index.php\/2022\/12\/29\/aprobado-plan-anual-de-habitat-y-vivienda-2023\/","title":{"rendered":"Aprobado Plan Anual de H\u00e1bitat y Vivienda 2023"},"content":{"rendered":"\n<p><strong>Fuerte Tiuna, Caracas.- <\/strong>En aras de cumplir la meta de construcci\u00f3n de 500.000 viviendas en el a\u00f1o 2023, el presidente de la Rep\u00fablica, Nicol\u00e1s Maduro, aprob\u00f3 este jueves el Plan Anual para H\u00e1bitat y Vivienda que estar\u00e1 vigente para las 24 entidades federales.<\/p>\n\n\n\n<p>\u201cSe establece la meta de construcci\u00f3n de 500.000 viviendas vinculadas a la reserva de terrenos factibles y con disponibilidad de servicios de red, agua, electrificaci\u00f3n, gas y capacidad de producir, importar y distribuir materiales de construcci\u00f3n, de los cuales el 97% ser\u00e1n de producci\u00f3n nacional\u201d, puntualiz\u00f3 en lectura del punto de cuenta elevado por el ministro del Poder Popular para H\u00e1bitat y Vivienda, Ildemaro Villarroel.<\/p>\n\n\n\n<p>Desde Fuerte Tiuna, ubicado en Caracas, detall\u00f3 que de las 500.000 edificaciones proyectadas para 2023, se registran m\u00e1s de 176.000 viviendas con avances en la construcci\u00f3n.<\/p>\n\n\n\n<p>El Plan Anual para H\u00e1bitat y Vivienda 2023 est\u00e1 caracterizado por cinco elementos estrat\u00e9gicos relacionados con planificaci\u00f3n y seguimiento, productividad y sostenibilidad del Sistema Nacional de H\u00e1bitat y Vivienda, transformaci\u00f3n integral del h\u00e1bitat, participaci\u00f3n protag\u00f3nica del Poder Popular y protecci\u00f3n social de la familia venezolana.<\/p>\n\n\n\n<p>En este sentido, desde el Ministerio del Poder Popular para H\u00e1bitat y Vivienda se delinean nueve acciones estrat\u00e9gicas para la concreci\u00f3n del Plan Anual 2023:<\/p>\n\n\n\n<ul class=\"wp-block-list\"><li>Continuidad de proyectos de la Gran Misi\u00f3n Vivienda Venezuela.<\/li><li>Profundizar planes de desarrollo estrat\u00e9gico local.<\/li><li>Autoconstrucci\u00f3n y cogesti\u00f3n del Poder Popular.<\/li><li>Concreci\u00f3n de alianzas con el sector privado.<\/li><li>Impulsar el sector vivienda al mercado de valores.<\/li><li>Adquisici\u00f3n de viviendas en el mercado secundario.<\/li><li>Implementaci\u00f3n de alianzas intersectoriales con entes p\u00fablicos.<\/li><li>Contribuci\u00f3n de las metas del Motor Construcci\u00f3n de la Agenda Econ\u00f3mica Bolivariana.<\/li><li>Activaci\u00f3n del sector hipotecario en la Cartera \u00danica Productiva.<\/li><\/ul>\n\n\n\n<p><strong>Prensa Presidencial \/ Karelis Gonz\u00e1lez<\/strong><strong><\/strong><\/p>\n","protected":false},"excerpt":{"rendered":"<p>Fuerte Tiuna, Caracas.- En aras de cumplir la meta de construcci\u00f3n de 500.000 viviendas en el a\u00f1o 2023, el presidente de la Rep\u00fablica, Nicol\u00e1s Maduro, aprob\u00f3 este jueves el Plan Anual para H\u00e1bitat y Vivienda que estar\u00e1 vigente para las 24 entidades federales. \u201cSe establece la meta de construcci\u00f3n de 500.000 viviendas vinculadas a la [&hellip;]<\/p>\n","protected":false},"author":6,"featured_media":4299,"comment_status":"open","ping_status":"open","sticky":false,"template":"","format":"standard","meta":{"footnotes":""},"categories":[18,7],"tags":[30,19,27,20],"class_list":["post-4298","post","type-post","status-publish","format-standard","has-post-thumbnail","hentry","category-noticias-principales","category-notas-de-prensa","tag-destacado","tag-nicolas-maduro","tag-revolucion-bolivariana","tag-venezuela"],"_links":{"self":[{"href":"https:\/\/prensapresidencialvenezuela.gob.ve\/index.php\/wp-json\/wp\/v2\/posts\/4298","targetHints":{"allow":["GET"]}}],"collection":[{"href":"https:\/\/prensapresidencialvenezuela.gob.ve\/index.php\/wp-json\/wp\/v2\/posts"}],"about":[{"href":"https:\/\/prensapresidencialvenezuela.gob.ve\/index.php\/wp-json\/wp\/v2\/types\/post"}],"author":[{"embeddable":true,"href":"https:\/\/prensapresidencialvenezuela.gob.ve\/index.php\/wp-json\/wp\/v2\/users\/6"}],"replies":[{"embeddable":true,"href":"https:\/\/prensapresidencialvenezuela.gob.ve\/index.php\/wp-json\/wp\/v2\/comments?post=4298"}],"version-history":[{"count":1,"href":"https:\/\/prensapresidencialvenezuela.gob.ve\/index.php\/wp-json\/wp\/v2\/posts\/4298\/revisions"}],"predecessor-version":[{"id":4300,"href":"https:\/\/prensapresidencialvenezuela.gob.ve\/index.php\/wp-json\/wp\/v2\/posts\/4298\/revisions\/4300"}],"wp:featuredmedia":[{"embeddable":true,"href":"https:\/\/prensapresidencialvenezuela.gob.ve\/index.php\/wp-json\/wp\/v2\/media\/4299"}],"wp:attachment":[{"href":"https:\/\/prensapresidencialvenezuela.gob.ve\/index.php\/wp-json\/wp\/v2\/media?parent=4298"}],"wp:term":[{"taxonomy":"category","embeddable":true,"href":"https:\/\/prensapresidencialvenezuela.gob.ve\/index.php\/wp-json\/wp\/v2\/categories?post=4298"},{"taxonomy":"post_tag","embeddable":true,"href":"https:\/\/prensapresidencialvenezuela.gob.ve\/index.php\/wp-json\/wp\/v2\/tags?post=4298"}],"curies":[{"name":"wp","href":"https:\/\/api.w.org\/{rel}","templated":true}]}}