{"id":42985,"date":"2026-03-11T19:45:11","date_gmt":"2026-03-11T23:45:11","guid":{"rendered":"https:\/\/prensapresidencialvenezuela.gob.ve\/?p=42985"},"modified":"2026-03-11T19:45:11","modified_gmt":"2026-03-11T23:45:11","slug":"designada-paula-henao-como-nueva-ministra-del-poder-popular-para-hidrocarburos","status":"publish","type":"post","link":"https:\/\/prensapresidencialvenezuela.gob.ve\/index.php\/2026\/03\/11\/designada-paula-henao-como-nueva-ministra-del-poder-popular-para-hidrocarburos\/","title":{"rendered":"Designada Paula Henao como nueva ministra del Poder Popular para Hidrocarburos"},"content":{"rendered":"\n<p><strong>Palacio de Miraflores, Caracas,-<\/strong> La presidenta Encargada de la Rep\u00fablica Bolivariana de Venezuela, Delcy Rodr\u00edguez, anunci\u00f3 en la noche de este mi\u00e9rcoles, a trav\u00e9s de su canal oficial de Telegram, la designaci\u00f3n de la ingeniera de Petr\u00f3leo, Paula Henao, como nueva ministra del Poder Popular para Hidrocarburos con la responsabilidad de continuar impulsando el Motor Energ\u00e9tico de Venezuela.<\/p>\n\n\n\n<p>Para Rodr\u00edguez, en el desempe\u00f1o de Henao en esta nueva responsabilidad deber\u00e1 fortalecer el desarrollo soberano de la industria petrolera, gas\u00edfera y petroqu\u00edmica nacional.<\/p>\n\n\n\n<p>La Mandataria Nacional Encargada agreg\u00f3 en su mensaje \u00abconf\u00edo plenamente que, con su profesionalismo, amplia experiencia y muchos a\u00f1os de trayectoria dentro de este Ministerio, avanzaremos en la recuperaci\u00f3n y desarrollo del sector energ\u00e9tico, pilar fundamental para el crecimiento econ\u00f3mico y el bienestar del pueblo venezolano\u00bb.<\/p>\n\n\n\n<p><strong>Prensa Presidencial\/ Claudia Guerra M\u00e9ndez<\/strong><\/p>\n","protected":false},"excerpt":{"rendered":"<p>Palacio de Miraflores, Caracas,- La presidenta Encargada de la Rep\u00fablica Bolivariana de Venezuela, Delcy Rodr\u00edguez, anunci\u00f3 en la noche de este mi\u00e9rcoles, a trav\u00e9s de su canal oficial de Telegram, la designaci\u00f3n de la ingeniera de Petr\u00f3leo, Paula Henao, como nueva ministra del Poder Popular para Hidrocarburos con la responsabilidad de continuar impulsando el Motor [&hellip;]<\/p>\n","protected":false},"author":18,"featured_media":42986,"comment_status":"open","ping_status":"open","sticky":false,"template":"","format":"standard","meta":{"footnotes":""},"categories":[18,7],"tags":[1485,455,1891,20],"class_list":["post-42985","post","type-post","status-publish","format-standard","has-post-thumbnail","hentry","category-noticias-principales","category-notas-de-prensa","tag-hidrocarburos","tag-pdvsa","tag-presidenta-encargada-delcy-rodriguez","tag-venezuela"],"_links":{"self":[{"href":"https:\/\/prensapresidencialvenezuela.gob.ve\/index.php\/wp-json\/wp\/v2\/posts\/42985","targetHints":{"allow":["GET"]}}],"collection":[{"href":"https:\/\/prensapresidencialvenezuela.gob.ve\/index.php\/wp-json\/wp\/v2\/posts"}],"about":[{"href":"https:\/\/prensapresidencialvenezuela.gob.ve\/index.php\/wp-json\/wp\/v2\/types\/post"}],"author":[{"embeddable":true,"href":"https:\/\/prensapresidencialvenezuela.gob.ve\/index.php\/wp-json\/wp\/v2\/users\/18"}],"replies":[{"embeddable":true,"href":"https:\/\/prensapresidencialvenezuela.gob.ve\/index.php\/wp-json\/wp\/v2\/comments?post=42985"}],"version-history":[{"count":1,"href":"https:\/\/prensapresidencialvenezuela.gob.ve\/index.php\/wp-json\/wp\/v2\/posts\/42985\/revisions"}],"predecessor-version":[{"id":42987,"href":"https:\/\/prensapresidencialvenezuela.gob.ve\/index.php\/wp-json\/wp\/v2\/posts\/42985\/revisions\/42987"}],"wp:featuredmedia":[{"embeddable":true,"href":"https:\/\/prensapresidencialvenezuela.gob.ve\/index.php\/wp-json\/wp\/v2\/media\/42986"}],"wp:attachment":[{"href":"https:\/\/prensapresidencialvenezuela.gob.ve\/index.php\/wp-json\/wp\/v2\/media?parent=42985"}],"wp:term":[{"taxonomy":"category","embeddable":true,"href":"https:\/\/prensapresidencialvenezuela.gob.ve\/index.php\/wp-json\/wp\/v2\/categories?post=42985"},{"taxonomy":"post_tag","embeddable":true,"href":"https:\/\/prensapresidencialvenezuela.gob.ve\/index.php\/wp-json\/wp\/v2\/tags?post=42985"}],"curies":[{"name":"wp","href":"https:\/\/api.w.org\/{rel}","templated":true}]}}