{"id":42992,"date":"2026-03-11T22:52:40","date_gmt":"2026-03-12T02:52:40","guid":{"rendered":"https:\/\/prensapresidencialvenezuela.gob.ve\/?p=42992"},"modified":"2026-03-12T14:32:14","modified_gmt":"2026-03-12T18:32:14","slug":"presidenta-e-delcy-rodriguez-sobre-el-reconocimiento-del-gobierno-de-los-estados-unidos-a-venezuela-es-el-reconocimiento-a-un-pais","status":"publish","type":"post","link":"https:\/\/prensapresidencialvenezuela.gob.ve\/index.php\/2026\/03\/11\/presidenta-e-delcy-rodriguez-sobre-el-reconocimiento-del-gobierno-de-los-estados-unidos-a-venezuela-es-el-reconocimiento-a-un-pais\/","title":{"rendered":"Presidenta (E) Delcy Rodr\u00edguez sobre el reconocimiento del Gobierno de los Estados Unidos a Venezuela: \u00abEs el reconocimiento a un pa\u00eds\u00bb"},"content":{"rendered":"\n<p><strong>Estado Miranda, Venezuela.-<\/strong> La presidenta Encargada, Delcy Rodr\u00edguez, calific\u00f3 el restablecimiento de relaciones con los Estados Unidos como un proceso de normalizaci\u00f3n indispensable para que Venezuela recupere su operatividad y bienestar social. \u00abNo es el reconocimiento a una persona, ni a un gobierno, es el reconocimiento a un pa\u00eds para que ese pa\u00eds pueda recuperar su vida, pueda respirar\u00bb.<\/p>\n\n\n\n<p>Destac\u00f3 que el di\u00e1logo diario permite contrastar los puntos de vista de ambas naciones en un marco de respeto y soberan\u00eda. <\/p>\n\n\n\n<p>Asimismo, la Mandataria Encargada subray\u00f3 que este avance permite al Estado ejercer su derecho al comercio internacional para intercambiar recursos como petr\u00f3leo y oro por medicinas y equipamiento m\u00e9dico. <\/p>\n\n\n\n<p>Hizo un llamado a la uni\u00f3n nacional, destac\u00f3 la Presidenta Encargada que la recuperaci\u00f3n del sistema de salud y la estabilidad econ\u00f3mica no son temas partidistas, sino una ruta estrat\u00e9gica para garantizar que el pa\u00eds adquiera suministros de forma directa y fortalezca la calidad de vida de todos los venezolanos. <\/p>\n\n\n\n<p><strong>Prensa Presidencial\/ Kaylib Maita<\/strong><\/p>\n\n\n\n<p><\/p>\n\n\n\n<p><\/p>\n","protected":false},"excerpt":{"rendered":"<p>Estado Miranda, Venezuela.- La presidenta Encargada, Delcy Rodr\u00edguez, calific\u00f3 el restablecimiento de relaciones con los Estados Unidos como un proceso de normalizaci\u00f3n indispensable para que Venezuela recupere su operatividad y bienestar social. \u00abNo es el reconocimiento a una persona, ni a un gobierno, es el reconocimiento a un pa\u00eds para que ese pa\u00eds pueda recuperar [&hellip;]<\/p>\n","protected":false},"author":21,"featured_media":42993,"comment_status":"open","ping_status":"open","sticky":false,"template":"","format":"standard","meta":{"footnotes":""},"categories":[18,7],"tags":[1155,1891,20],"class_list":["post-42992","post","type-post","status-publish","format-standard","has-post-thumbnail","hentry","category-noticias-principales","category-notas-de-prensa","tag-estados-unidos","tag-presidenta-encargada-delcy-rodriguez","tag-venezuela"],"_links":{"self":[{"href":"https:\/\/prensapresidencialvenezuela.gob.ve\/index.php\/wp-json\/wp\/v2\/posts\/42992","targetHints":{"allow":["GET"]}}],"collection":[{"href":"https:\/\/prensapresidencialvenezuela.gob.ve\/index.php\/wp-json\/wp\/v2\/posts"}],"about":[{"href":"https:\/\/prensapresidencialvenezuela.gob.ve\/index.php\/wp-json\/wp\/v2\/types\/post"}],"author":[{"embeddable":true,"href":"https:\/\/prensapresidencialvenezuela.gob.ve\/index.php\/wp-json\/wp\/v2\/users\/21"}],"replies":[{"embeddable":true,"href":"https:\/\/prensapresidencialvenezuela.gob.ve\/index.php\/wp-json\/wp\/v2\/comments?post=42992"}],"version-history":[{"count":2,"href":"https:\/\/prensapresidencialvenezuela.gob.ve\/index.php\/wp-json\/wp\/v2\/posts\/42992\/revisions"}],"predecessor-version":[{"id":43002,"href":"https:\/\/prensapresidencialvenezuela.gob.ve\/index.php\/wp-json\/wp\/v2\/posts\/42992\/revisions\/43002"}],"wp:featuredmedia":[{"embeddable":true,"href":"https:\/\/prensapresidencialvenezuela.gob.ve\/index.php\/wp-json\/wp\/v2\/media\/42993"}],"wp:attachment":[{"href":"https:\/\/prensapresidencialvenezuela.gob.ve\/index.php\/wp-json\/wp\/v2\/media?parent=42992"}],"wp:term":[{"taxonomy":"category","embeddable":true,"href":"https:\/\/prensapresidencialvenezuela.gob.ve\/index.php\/wp-json\/wp\/v2\/categories?post=42992"},{"taxonomy":"post_tag","embeddable":true,"href":"https:\/\/prensapresidencialvenezuela.gob.ve\/index.php\/wp-json\/wp\/v2\/tags?post=42992"}],"curies":[{"name":"wp","href":"https:\/\/api.w.org\/{rel}","templated":true}]}}