{"id":42996,"date":"2026-03-12T11:07:20","date_gmt":"2026-03-12T15:07:20","guid":{"rendered":"https:\/\/prensapresidencialvenezuela.gob.ve\/?p=42996"},"modified":"2026-03-12T11:09:20","modified_gmt":"2026-03-12T15:09:20","slug":"clap-avanza-hacia-la-independencia-productiva-y-la-seguridad-alimentaria-de-venezuela","status":"publish","type":"post","link":"https:\/\/prensapresidencialvenezuela.gob.ve\/index.php\/2026\/03\/12\/clap-avanza-hacia-la-independencia-productiva-y-la-seguridad-alimentaria-de-venezuela\/","title":{"rendered":"ESPECIAL ||\u00a0CLAP avanza hacia la independencia productiva y la seguridad alimentaria de Venezuela"},"content":{"rendered":"\n<p><strong>Caracas, Venezuela. \u2013 <\/strong>El 12 de marzo, D\u00eda Nacional de los <strong>Comit\u00e9s Locales de Abastecimiento y Producci\u00f3n (CLAP)<\/strong>, fue establecido mediante el decreto N\u00b0 2.740 el 10 de marzo del a\u00f1o 2017, con la visi\u00f3n de ejercer la uni\u00f3n entre el Gobierno Bolivariano y el pueblo para garantizar al pueblo el derecho fundamental a la alimentaci\u00f3n y la protecci\u00f3n social, adem\u00e1s de impulsar la organizaci\u00f3n popular que se ha generado desde su creaci\u00f3n.<\/p>\n\n\n\n<p>Por tanto, dentro de los objetivos principales para contrarrestar los efectos de las sanciones y bloqueos econ\u00f3micos a la Naci\u00f3n, son los siguientes:<\/p>\n\n\n\n<p>\u2022 Impulsar la inclusi\u00f3n social de los beneficiarios de los programas sociales y socio-productivos.<\/p>\n\n\n\n<p>\u2022 Aumentar la disponibilidad de productos alimenticios de primera necesidad de manera que abarque a toda la poblaci\u00f3n, de permanente, a precios asequibles y de calidad.<\/p>\n\n\n\n<p>\u2022 Preservar la soberan\u00eda alimentaria con el desarrollo del modelo productivo socialista y participativo; para afianzar las alianzas socioecon\u00f3micas con la industria energ\u00e9tica para fortalecer el sector.<\/p>\n\n\n\n<p>En la actualidad, los CLAP han avanzado de manera significativa hacia un proceso de renovaci\u00f3n, el cual permitir\u00e1 robustecer la independencia productiva y econ\u00f3mica del pa\u00eds.<\/p>\n\n\n\n<p><strong>Independencia productiva y soberan\u00eda alimentaria<\/strong><\/p>\n\n\n\n<p>Dentro del desarrollo de la soberan\u00eda alimentaria en Venezuela tambi\u00e9n se encuentra el enfoque estrat\u00e9gico del Comandante Eterno \u00abHugo Ch\u00e1vez\u00bb, quien inici\u00f3 este camino de independencia productiva y econ\u00f3mica a trav\u00e9s de una de las misiones banderas de la Revoluci\u00f3n, la Misi\u00f3n Mercal, creada en el a\u00f1o 2003, y que desde su inicio tuvo un alcance efectivo en las comunidades por el acceso directo, accesible y r\u00e1pido a alimentos de calidad.<\/p>\n\n\n\n<p>En la actualidad, el sistema de distribuci\u00f3n se mantiene consolidado por las labores constantes que realiza el Poder Popular organizado, de manera conjunta con los CLAP, las Bases de Misiones Socialistas, las jornadas \u00abCasa por Casa\u00bb y las Ferias del Campo Soberano que se llevan a cabo en cada uno de los estados del territorio nacional.<\/p>\n\n\n\n<p>Por esta raz\u00f3n, el diputado a la Asamblea Nacional (AN), por el Partido Socialista Unido de Venezuela (PSUV) M\u00e9rida, Ram\u00f3n Lobo, ofreci\u00f3 una entrevista exclusiva para plantear su perspectiva sobre cu\u00e1l ha sido el m\u00e9todo implementado por el Poder Comunal, desde sus bases, para abarcar el sistema de distribuci\u00f3n y garantizar la soberan\u00eda econ\u00f3mica en las comunidades del pa\u00eds.<\/p>\n\n\n\n<p>Al respecto, dijo que \u00absi existe un indicador que define la soberan\u00eda econ\u00f3mica de estos a\u00f1os, y es el programa de los CLAP\u00bb; colocando como punto de relevancia, un dato importante que antes parec\u00eda imposible, y es que \u00aben 2017, el 80% de los alimentos de las bolsas CLAP ven\u00edan del exterior\u00bb, y en la actualidad, casi el 100% de los productos son \u00abHecho en Venezuela\u00bb.<\/p>\n\n\n\n<p>El tambi\u00e9n integrante de la Comisi\u00f3n de Finanzas, Econom\u00eda y Desarrollo Nacional de la AN, precis\u00f3 que esta transformaci\u00f3n en el sector alimentario gener\u00f3 un fen\u00f3meno social sin precedentes: \u00abLa ruptura con el monopolio de las marcas tradicionales\u00bb.<\/p>\n\n\n\n<p>Adem\u00e1s, se\u00f1al\u00f3 que, con ello, el consumidor venezolano aprendi\u00f3 a valorar la calidad de lo \u00abHecho en Venezuela\u00bb, permitiendo as\u00ed, que las marcas impulsadas por las comunas y los peque\u00f1os emprendedores del pa\u00eds, se abran paso hoy \u00abcara a cara\u00bb en el mercado nacional e internacional.<\/p>\n\n\n\n<p>En este contexto, es relevante mencionar que en cuanto a los avances significativos que han tenido los CLAP hasta la actualidad, el Ejecutivo Nacional tiene establecida una meta para este 2026, y es que los comit\u00e9s pasen de un modelo de distribuci\u00f3n a uno de producci\u00f3n propia, reduciendo as\u00ed al m\u00e1ximo la dependencia de importaciones.<\/p>\n\n\n\n<p><strong>Prensa Presidencial\/ Irmary Diaz<\/strong><\/p>\n","protected":false},"excerpt":{"rendered":"<p>Caracas, Venezuela. \u2013 El 12 de marzo, D\u00eda Nacional de los Comit\u00e9s Locales de Abastecimiento y Producci\u00f3n (CLAP), fue establecido mediante el decreto N\u00b0 2.740 el 10 de marzo del a\u00f1o 2017, con la visi\u00f3n de ejercer la uni\u00f3n entre el Gobierno Bolivariano y el pueblo para garantizar al pueblo el derecho fundamental a la [&hellip;]<\/p>\n","protected":false},"author":15,"featured_media":42997,"comment_status":"open","ping_status":"open","sticky":false,"template":"","format":"standard","meta":{"footnotes":""},"categories":[18,10],"tags":[801,21,1933,1932,451,27],"class_list":["post-42996","post","type-post","status-publish","format-standard","has-post-thumbnail","hentry","category-noticias-principales","category-especiales","tag-clap","tag-economia-venezolana","tag-hecho-en-venezuela","tag-independencia-productiva","tag-pueblo","tag-revolucion-bolivariana"],"_links":{"self":[{"href":"https:\/\/prensapresidencialvenezuela.gob.ve\/index.php\/wp-json\/wp\/v2\/posts\/42996","targetHints":{"allow":["GET"]}}],"collection":[{"href":"https:\/\/prensapresidencialvenezuela.gob.ve\/index.php\/wp-json\/wp\/v2\/posts"}],"about":[{"href":"https:\/\/prensapresidencialvenezuela.gob.ve\/index.php\/wp-json\/wp\/v2\/types\/post"}],"author":[{"embeddable":true,"href":"https:\/\/prensapresidencialvenezuela.gob.ve\/index.php\/wp-json\/wp\/v2\/users\/15"}],"replies":[{"embeddable":true,"href":"https:\/\/prensapresidencialvenezuela.gob.ve\/index.php\/wp-json\/wp\/v2\/comments?post=42996"}],"version-history":[{"count":2,"href":"https:\/\/prensapresidencialvenezuela.gob.ve\/index.php\/wp-json\/wp\/v2\/posts\/42996\/revisions"}],"predecessor-version":[{"id":43000,"href":"https:\/\/prensapresidencialvenezuela.gob.ve\/index.php\/wp-json\/wp\/v2\/posts\/42996\/revisions\/43000"}],"wp:featuredmedia":[{"embeddable":true,"href":"https:\/\/prensapresidencialvenezuela.gob.ve\/index.php\/wp-json\/wp\/v2\/media\/42997"}],"wp:attachment":[{"href":"https:\/\/prensapresidencialvenezuela.gob.ve\/index.php\/wp-json\/wp\/v2\/media?parent=42996"}],"wp:term":[{"taxonomy":"category","embeddable":true,"href":"https:\/\/prensapresidencialvenezuela.gob.ve\/index.php\/wp-json\/wp\/v2\/categories?post=42996"},{"taxonomy":"post_tag","embeddable":true,"href":"https:\/\/prensapresidencialvenezuela.gob.ve\/index.php\/wp-json\/wp\/v2\/tags?post=42996"}],"curies":[{"name":"wp","href":"https:\/\/api.w.org\/{rel}","templated":true}]}}