{"id":43007,"date":"2026-03-12T15:32:38","date_gmt":"2026-03-12T19:32:38","guid":{"rendered":"https:\/\/prensapresidencialvenezuela.gob.ve\/?p=43007"},"modified":"2026-03-12T15:32:38","modified_gmt":"2026-03-12T19:32:38","slug":"presidenta-e-delcy-rodriguez-impulsa-programa-de-convivencia-democratica-y-paz-en-encuentro-con-sectores-vecinales","status":"publish","type":"post","link":"https:\/\/prensapresidencialvenezuela.gob.ve\/index.php\/2026\/03\/12\/presidenta-e-delcy-rodriguez-impulsa-programa-de-convivencia-democratica-y-paz-en-encuentro-con-sectores-vecinales\/","title":{"rendered":"Presidenta (E) Delcy Rodr\u00edguez impulsa Programa de Convivencia Democr\u00e1tica y Paz en encuentro con sectores vecinales"},"content":{"rendered":"\n<p><strong>Estado Miranda, Venezuela. &#8211;<\/strong> En un encuentro con representantes de juntas de condominio y movimientos vecinales, la presidenta Encargada de la Rep\u00fablica Bolivariana de la Venezuela, Delcy Rodr\u00edguez, encabez\u00f3 una jornada de di\u00e1logo orientada a fortalecer el Programa de Convivencia Democr\u00e1tica y Paz.<\/p>\n\n\n\n<p>Durante su intervenci\u00f3n, Delcy Rodr\u00edguez subray\u00f3 que la clave para la estabilidad del pa\u00eds reside en la capacidad de los ciudadanos para gestionar sus diferencias con respeto a lo ajeno y sin temor a la contradicci\u00f3n. Invit\u00f3 a los vecinos a ser protagonistas de sus propias soluciones, reivindicando a la organizaci\u00f3n comunitaria como un modelo fundamental donde los habitantes se ponen de acuerdo para mejorar su entorno inmediato.<\/p>\n\n\n\n<p>La Presidenta Encargada vincul\u00f3 la armon\u00eda vecinal con el panorama internacional, se\u00f1alando que el actual proceso de reencausamiento de relaciones diplom\u00e1ticas y consulares con Estados Unidos es un paso hacia la normalizaci\u00f3n de la vida nacional.<\/p>\n\n\n\n<p>Explic\u00f3 que el reconocimiento legal de las instituciones venezolanas no es un logro individual, sino un avance para que el pa\u00eds \u00abpueda respirar\u00bb y recuperar plenamente el funcionamiento de sus servicios, salud y educaci\u00f3n, tras a\u00f1os de un bloqueo econ\u00f3mico que ha afectado la inversi\u00f3n de recursos p\u00fablicos desde 2015.<\/p>\n\n\n\n<p>La Mandataria Encargada hizo un llamado a dejar atr\u00e1s el odio y la intolerancia para dar paso a una \u00abcampa\u00f1a por la salud de Venezuela\u00bb en sus dimensiones pol\u00edtica, econ\u00f3mica y social.<\/p>\n\n\n\n<p>Asegur\u00f3 que todas las organizaciones tienen cabida en este proceso de reconstrucci\u00f3n del tejido ciudadano, instando a los presentes a trabajar con conciencia y cooperaci\u00f3n. <em>\u00abQue sea el amor, la amistad, la cooperaci\u00f3n y el entendimiento que como vecinos y como vecinas los dirija y los gu\u00ede a ustedes\u00bb.<\/em><\/p>\n\n\n\n<p>Prensa Presidencial \/ Kaylib Maita <\/p>\n","protected":false},"excerpt":{"rendered":"<p>Estado Miranda, Venezuela. &#8211; En un encuentro con representantes de juntas de condominio y movimientos vecinales, la presidenta Encargada de la Rep\u00fablica Bolivariana de la Venezuela, Delcy Rodr\u00edguez, encabez\u00f3 una jornada de di\u00e1logo orientada a fortalecer el Programa de Convivencia Democr\u00e1tica y Paz. Durante su intervenci\u00f3n, Delcy Rodr\u00edguez subray\u00f3 que la clave para la estabilidad [&hellip;]<\/p>\n","protected":false},"author":21,"featured_media":43008,"comment_status":"open","ping_status":"open","sticky":false,"template":"","format":"standard","meta":{"footnotes":""},"categories":[18,7],"tags":[1891,1935,20],"class_list":["post-43007","post","type-post","status-publish","format-standard","has-post-thumbnail","hentry","category-noticias-principales","category-notas-de-prensa","tag-presidenta-encargada-delcy-rodriguez","tag-programa-de-convivencia-democratica-y-paz","tag-venezuela"],"_links":{"self":[{"href":"https:\/\/prensapresidencialvenezuela.gob.ve\/index.php\/wp-json\/wp\/v2\/posts\/43007","targetHints":{"allow":["GET"]}}],"collection":[{"href":"https:\/\/prensapresidencialvenezuela.gob.ve\/index.php\/wp-json\/wp\/v2\/posts"}],"about":[{"href":"https:\/\/prensapresidencialvenezuela.gob.ve\/index.php\/wp-json\/wp\/v2\/types\/post"}],"author":[{"embeddable":true,"href":"https:\/\/prensapresidencialvenezuela.gob.ve\/index.php\/wp-json\/wp\/v2\/users\/21"}],"replies":[{"embeddable":true,"href":"https:\/\/prensapresidencialvenezuela.gob.ve\/index.php\/wp-json\/wp\/v2\/comments?post=43007"}],"version-history":[{"count":1,"href":"https:\/\/prensapresidencialvenezuela.gob.ve\/index.php\/wp-json\/wp\/v2\/posts\/43007\/revisions"}],"predecessor-version":[{"id":43009,"href":"https:\/\/prensapresidencialvenezuela.gob.ve\/index.php\/wp-json\/wp\/v2\/posts\/43007\/revisions\/43009"}],"wp:featuredmedia":[{"embeddable":true,"href":"https:\/\/prensapresidencialvenezuela.gob.ve\/index.php\/wp-json\/wp\/v2\/media\/43008"}],"wp:attachment":[{"href":"https:\/\/prensapresidencialvenezuela.gob.ve\/index.php\/wp-json\/wp\/v2\/media?parent=43007"}],"wp:term":[{"taxonomy":"category","embeddable":true,"href":"https:\/\/prensapresidencialvenezuela.gob.ve\/index.php\/wp-json\/wp\/v2\/categories?post=43007"},{"taxonomy":"post_tag","embeddable":true,"href":"https:\/\/prensapresidencialvenezuela.gob.ve\/index.php\/wp-json\/wp\/v2\/tags?post=43007"}],"curies":[{"name":"wp","href":"https:\/\/api.w.org\/{rel}","templated":true}]}}