{"id":43011,"date":"2026-03-12T18:11:34","date_gmt":"2026-03-12T22:11:34","guid":{"rendered":"https:\/\/prensapresidencialvenezuela.gob.ve\/?p=43011"},"modified":"2026-03-12T18:14:26","modified_gmt":"2026-03-12T22:14:26","slug":"venezuela-firma-acuerdo-cardon-iv-con-empresas-europeas-para-potenciar-la-exportacion-de-gas","status":"publish","type":"post","link":"https:\/\/prensapresidencialvenezuela.gob.ve\/index.php\/2026\/03\/12\/venezuela-firma-acuerdo-cardon-iv-con-empresas-europeas-para-potenciar-la-exportacion-de-gas\/","title":{"rendered":"Venezuela firma acuerdo \u00abCard\u00f3n IV\u00bb para potenciar la exportaci\u00f3n de gas"},"content":{"rendered":"\n<p><strong>Caracas, Venezuela. &#8211; <\/strong>Este jueves, la presidenta Encargada de la Rep\u00fablica Bolivariana de Venezuela, Delcy Rodr\u00edguez, anunci\u00f3 la firma del acuerdo estrat\u00e9gico para <strong>\u00abCardon IV\u00bb<\/strong>, resaltando que esto fue producto de un trabajo conjunto para continuar con el impulso del Motor Hidrocarburos.<\/p>\n\n\n\n<p>Asimismo, se\u00f1al\u00f3 que esta alianza con la <strong>empresa mercantil Card\u00f3n Cuatro, S.A<\/strong>, no solo garantiza el abastecimiento de gas a Venezuela para el desarrollo nacional y el consumo dom\u00e9stico, sino que, adem\u00e1s, permitir\u00e1 su ampliaci\u00f3n para la exportaci\u00f3n; y de esta manera \u00abVenezuela siga la ruta de convertirse en un pa\u00eds portador de gas\u00bb.<\/p>\n\n\n\n<p>\u00abMe contenta mucho que sea de la mano de dos empresas europeas que se quedaron en Venezuela, que creyeron en Venezuela y que no le dieron espalda a nuestro pueblo\u00bb, manifest\u00f3 con agradecimiento la Mandataria Encargada.<\/p>\n\n\n\n<p>Por otra parte, la presidenta (E) Rodr\u00edguez refiri\u00f3 en cuanto a la reciente designaci\u00f3n de Paula Henao, como ministra del Poder Popular para Hidrocarburos, que el pasado mi\u00e9rcoles 11 de marzo le entreg\u00f3 las riendas del sector petrolero, para que \u00abcontin\u00fae este trabajo conjunto\u00bb.<\/p>\n\n\n\n<p><strong>Prensa Presidencial\/ Irmary D\u00edaz<\/strong><\/p>\n","protected":false},"excerpt":{"rendered":"<p>Caracas, Venezuela. &#8211; Este jueves, la presidenta Encargada de la Rep\u00fablica Bolivariana de Venezuela, Delcy Rodr\u00edguez, anunci\u00f3 la firma del acuerdo estrat\u00e9gico para \u00abCardon IV\u00bb, resaltando que esto fue producto de un trabajo conjunto para continuar con el impulso del Motor Hidrocarburos. Asimismo, se\u00f1al\u00f3 que esta alianza con la empresa mercantil Card\u00f3n Cuatro, S.A, no [&hellip;]<\/p>\n","protected":false},"author":15,"featured_media":43021,"comment_status":"open","ping_status":"open","sticky":false,"template":"","format":"standard","meta":{"footnotes":""},"categories":[18,7],"tags":[1485,20],"class_list":["post-43011","post","type-post","status-publish","format-standard","has-post-thumbnail","hentry","category-noticias-principales","category-notas-de-prensa","tag-hidrocarburos","tag-venezuela"],"_links":{"self":[{"href":"https:\/\/prensapresidencialvenezuela.gob.ve\/index.php\/wp-json\/wp\/v2\/posts\/43011","targetHints":{"allow":["GET"]}}],"collection":[{"href":"https:\/\/prensapresidencialvenezuela.gob.ve\/index.php\/wp-json\/wp\/v2\/posts"}],"about":[{"href":"https:\/\/prensapresidencialvenezuela.gob.ve\/index.php\/wp-json\/wp\/v2\/types\/post"}],"author":[{"embeddable":true,"href":"https:\/\/prensapresidencialvenezuela.gob.ve\/index.php\/wp-json\/wp\/v2\/users\/15"}],"replies":[{"embeddable":true,"href":"https:\/\/prensapresidencialvenezuela.gob.ve\/index.php\/wp-json\/wp\/v2\/comments?post=43011"}],"version-history":[{"count":5,"href":"https:\/\/prensapresidencialvenezuela.gob.ve\/index.php\/wp-json\/wp\/v2\/posts\/43011\/revisions"}],"predecessor-version":[{"id":43022,"href":"https:\/\/prensapresidencialvenezuela.gob.ve\/index.php\/wp-json\/wp\/v2\/posts\/43011\/revisions\/43022"}],"wp:featuredmedia":[{"embeddable":true,"href":"https:\/\/prensapresidencialvenezuela.gob.ve\/index.php\/wp-json\/wp\/v2\/media\/43021"}],"wp:attachment":[{"href":"https:\/\/prensapresidencialvenezuela.gob.ve\/index.php\/wp-json\/wp\/v2\/media?parent=43011"}],"wp:term":[{"taxonomy":"category","embeddable":true,"href":"https:\/\/prensapresidencialvenezuela.gob.ve\/index.php\/wp-json\/wp\/v2\/categories?post=43011"},{"taxonomy":"post_tag","embeddable":true,"href":"https:\/\/prensapresidencialvenezuela.gob.ve\/index.php\/wp-json\/wp\/v2\/tags?post=43011"}],"curies":[{"name":"wp","href":"https:\/\/api.w.org\/{rel}","templated":true}]}}