{"id":43028,"date":"2026-03-12T18:14:00","date_gmt":"2026-03-12T22:14:00","guid":{"rendered":"https:\/\/prensapresidencialvenezuela.gob.ve\/?p=43028"},"modified":"2026-03-12T18:40:27","modified_gmt":"2026-03-12T22:40:27","slug":"pdvsa-y-empresas-europeas-refuerzan-sector-energetico-mediante-el-incremento-de-la-produccion","status":"publish","type":"post","link":"https:\/\/prensapresidencialvenezuela.gob.ve\/index.php\/2026\/03\/12\/pdvsa-y-empresas-europeas-refuerzan-sector-energetico-mediante-el-incremento-de-la-produccion\/","title":{"rendered":"PDVSA y empresas europeas refuerzan sector  energ\u00e9tico mediante el incremento de la producci\u00f3n"},"content":{"rendered":"\n<p><strong>Caracas, Venezuela. \u2013 <\/strong>La presidenta Encargada de la Rep\u00fablica Bolivariana de Venezuela, Delcy Rodr\u00edguez, calific\u00f3 a la empresa espa\u00f1ola Repsol, y la italiana, Eni, como aliados estrat\u00e9gicos para el robustecimiento del sector energ\u00e9tico. Al mismo tiempo, les agradeci\u00f3 por su respaldo y lealtad al pa\u00eds \u00aben los momentos m\u00e1s duros\u00bb.<\/p>\n\n\n\n<p>\u00abQuiero agradecerles que han estado junto al pueblo venezolano en los momentos m\u00e1s duros. Y hoy resaltamos el producto de ese trabajo conjunto con este acuerdo que hemos firmado para \u00abCard\u00f3n IV\u00bb<\/p>\n\n\n\n<p>En este mismo orden de ideas, la Mandataria Encargada expres\u00f3 en nombre del pa\u00eds, y de ella, como Presidenta Encargada, su agradecimiento; indic\u00e1ndoles a su vez, que \u00abaqu\u00ed hay un equipo, y que el hecho que Venezuela contin\u00fae su ruta como portador de gas, de la mano de dos empresas europeas que se quedaron en Venezuela, que creyeron en Venezuela y que no le dieron espalda a nuestro pueblo, me contenta mucho\u00bb.<\/p>\n\n\n\n<p>Rodr\u00edguez tambi\u00e9n aprovech\u00f3 la oportunidad para felicitar a la junta directiva de Petr\u00f3leos de Venezuela, S.A. (PDVSA), y PDVSA Gas. Destacando, que la empresa de hidrocarburos venezolana est\u00e1 a la disposici\u00f3n, no solo en materia de gas, sino para que \u00abtambi\u00e9n asumamos las empresas conjuntas, las empresas mixtas que tenemos en materia de petr\u00f3leo para incrementar la producci\u00f3n\u00bb.<\/p>\n\n\n\n<p>Por otra parte, subray\u00f3 que la importancia de estas alianzas es que esto se convierta en beneficio para el pueblo venezolano, pero, adem\u00e1s; para los pueblos tanto de Espa\u00f1a, de Italia, y de los pueblos que \u00ablo necesitan\u00bb.<\/p>\n\n\n\n<p><strong>Prensa Presidencial\/ Irmary D\u00edaz<\/strong><\/p>\n","protected":false},"excerpt":{"rendered":"<p>Caracas, Venezuela. \u2013 La presidenta Encargada de la Rep\u00fablica Bolivariana de Venezuela, Delcy Rodr\u00edguez, calific\u00f3 a la empresa espa\u00f1ola Repsol, y la italiana, Eni, como aliados estrat\u00e9gicos para el robustecimiento del sector energ\u00e9tico. Al mismo tiempo, les agradeci\u00f3 por su respaldo y lealtad al pa\u00eds \u00aben los momentos m\u00e1s duros\u00bb. \u00abQuiero agradecerles que han estado [&hellip;]<\/p>\n","protected":false},"author":15,"featured_media":43034,"comment_status":"open","ping_status":"open","sticky":false,"template":"","format":"standard","meta":{"footnotes":""},"categories":[18,7],"tags":[],"class_list":["post-43028","post","type-post","status-publish","format-standard","has-post-thumbnail","hentry","category-noticias-principales","category-notas-de-prensa"],"_links":{"self":[{"href":"https:\/\/prensapresidencialvenezuela.gob.ve\/index.php\/wp-json\/wp\/v2\/posts\/43028","targetHints":{"allow":["GET"]}}],"collection":[{"href":"https:\/\/prensapresidencialvenezuela.gob.ve\/index.php\/wp-json\/wp\/v2\/posts"}],"about":[{"href":"https:\/\/prensapresidencialvenezuela.gob.ve\/index.php\/wp-json\/wp\/v2\/types\/post"}],"author":[{"embeddable":true,"href":"https:\/\/prensapresidencialvenezuela.gob.ve\/index.php\/wp-json\/wp\/v2\/users\/15"}],"replies":[{"embeddable":true,"href":"https:\/\/prensapresidencialvenezuela.gob.ve\/index.php\/wp-json\/wp\/v2\/comments?post=43028"}],"version-history":[{"count":2,"href":"https:\/\/prensapresidencialvenezuela.gob.ve\/index.php\/wp-json\/wp\/v2\/posts\/43028\/revisions"}],"predecessor-version":[{"id":43035,"href":"https:\/\/prensapresidencialvenezuela.gob.ve\/index.php\/wp-json\/wp\/v2\/posts\/43028\/revisions\/43035"}],"wp:featuredmedia":[{"embeddable":true,"href":"https:\/\/prensapresidencialvenezuela.gob.ve\/index.php\/wp-json\/wp\/v2\/media\/43034"}],"wp:attachment":[{"href":"https:\/\/prensapresidencialvenezuela.gob.ve\/index.php\/wp-json\/wp\/v2\/media?parent=43028"}],"wp:term":[{"taxonomy":"category","embeddable":true,"href":"https:\/\/prensapresidencialvenezuela.gob.ve\/index.php\/wp-json\/wp\/v2\/categories?post=43028"},{"taxonomy":"post_tag","embeddable":true,"href":"https:\/\/prensapresidencialvenezuela.gob.ve\/index.php\/wp-json\/wp\/v2\/tags?post=43028"}],"curies":[{"name":"wp","href":"https:\/\/api.w.org\/{rel}","templated":true}]}}