{"id":43037,"date":"2026-03-12T19:10:37","date_gmt":"2026-03-12T23:10:37","guid":{"rendered":"https:\/\/prensapresidencialvenezuela.gob.ve\/?p=43037"},"modified":"2026-03-12T19:14:25","modified_gmt":"2026-03-12T23:14:25","slug":"voceros-de-condominios-y-movimientos-vecinales-plantearon-sus-inquietudes-a-la-presidenta-e-delcy-rodriguez","status":"publish","type":"post","link":"https:\/\/prensapresidencialvenezuela.gob.ve\/index.php\/2026\/03\/12\/voceros-de-condominios-y-movimientos-vecinales-plantearon-sus-inquietudes-a-la-presidenta-e-delcy-rodriguez\/","title":{"rendered":"Voceros de condominios y movimientos vecinales plantearon sus inquietudes a la presidenta (E) Delcy Rodr\u00edguez"},"content":{"rendered":"\n<p><strong>CELARG, estado Miranda.- <\/strong>En un esfuerzo por fortalecer el di\u00e1logo pol\u00edtico en Venezuela, la presidenta Encargada de la Rep\u00fablica Bolivariana de Venezuela, Delcy Rodr\u00edguez, atendi\u00f3 este jueves los diferentes planteamientos de los voceros de condominios y movimientos vecinales del pa\u00eds, especialmente de la ciudad de Caracas.<\/p>\n\n\n\n<p>Recibida en el Centro de Estudios Latinoamericanos y del Caribe R\u00f3mulo Gallegos (CELARG) por los representantes de estas asociaciones de vecinos y por el ministro del Poder Popular para la Cultura, Ernesto Villegas, quien estuvo a cargo de dirigir el encuentro, la Mandataria Nacional Encargada escuch\u00f3 atentamente cada planteamiento brindando soluciones.<\/p>\n\n\n\n<figure class=\"wp-block-image size-large\"><img fetchpriority=\"high\" decoding=\"async\" width=\"683\" height=\"1024\" src=\"https:\/\/prensapresidencialvenezuela.gob.ve\/wp-content\/uploads\/2026\/03\/04MG__0255_P-683x1024.jpg\" alt=\"\" class=\"wp-image-43058\" srcset=\"https:\/\/prensapresidencialvenezuela.gob.ve\/wp-content\/uploads\/2026\/03\/04MG__0255_P-683x1024.jpg 683w, https:\/\/prensapresidencialvenezuela.gob.ve\/wp-content\/uploads\/2026\/03\/04MG__0255_P-200x300.jpg 200w, https:\/\/prensapresidencialvenezuela.gob.ve\/wp-content\/uploads\/2026\/03\/04MG__0255_P-768x1151.jpg 768w, https:\/\/prensapresidencialvenezuela.gob.ve\/wp-content\/uploads\/2026\/03\/04MG__0255_P-1025x1536.jpg 1025w, https:\/\/prensapresidencialvenezuela.gob.ve\/wp-content\/uploads\/2026\/03\/04MG__0255_P-1366x2048.jpg 1366w, https:\/\/prensapresidencialvenezuela.gob.ve\/wp-content\/uploads\/2026\/03\/04MG__0255_P-scaled.jpg 1708w\" sizes=\"(max-width: 683px) 100vw, 683px\" \/><\/figure>\n\n\n\n<p>En este segundo encuentro, se le rindi\u00f3 homenaje a El\u00edas Santana, un l\u00edder que inspir\u00f3 a los venezolanos y venezolanas en la b\u00fasqueda de una convivencia m\u00e1s justa y pac\u00edfica, cada uno de los voceros de condominios y movimientos vecinales agradecieron la oportunidad del reencuentro y dieron a conocer sus distintas problem\u00e1ticas y la posible soluci\u00f3n a algunas de sus necesidades.<\/p>\n\n\n\n<figure class=\"wp-block-image size-large\"><img decoding=\"async\" width=\"683\" height=\"1024\" src=\"https:\/\/prensapresidencialvenezuela.gob.ve\/wp-content\/uploads\/2026\/03\/11MG__0387_P-683x1024.jpg\" alt=\"\" class=\"wp-image-43053\" srcset=\"https:\/\/prensapresidencialvenezuela.gob.ve\/wp-content\/uploads\/2026\/03\/11MG__0387_P-683x1024.jpg 683w, https:\/\/prensapresidencialvenezuela.gob.ve\/wp-content\/uploads\/2026\/03\/11MG__0387_P-200x300.jpg 200w, https:\/\/prensapresidencialvenezuela.gob.ve\/wp-content\/uploads\/2026\/03\/11MG__0387_P-768x1151.jpg 768w, https:\/\/prensapresidencialvenezuela.gob.ve\/wp-content\/uploads\/2026\/03\/11MG__0387_P-1025x1536.jpg 1025w, https:\/\/prensapresidencialvenezuela.gob.ve\/wp-content\/uploads\/2026\/03\/11MG__0387_P-1366x2048.jpg 1366w, https:\/\/prensapresidencialvenezuela.gob.ve\/wp-content\/uploads\/2026\/03\/11MG__0387_P-scaled.jpg 1708w\" sizes=\"(max-width: 683px) 100vw, 683px\" \/><\/figure>\n\n\n\n<p>Villegas inform\u00f3 que ya hubo una primera reuni\u00f3n entre el Gobierno Nacional con un conjunto de vecinas y vecinos de distintas ciudades para abordar \u00abtemas de los condominios, de la vida en apartamentos, en propiedad horizontal\u00bb, explic\u00f3.<\/p>\n\n\n\n<p><strong>Prensa Presidencial\/ Claudia Guerra M\u00e9ndez<\/strong><\/p>\n","protected":false},"excerpt":{"rendered":"<p>CELARG, estado Miranda.- En un esfuerzo por fortalecer el di\u00e1logo pol\u00edtico en Venezuela, la presidenta Encargada de la Rep\u00fablica Bolivariana de Venezuela, Delcy Rodr\u00edguez, atendi\u00f3 este jueves los diferentes planteamientos de los voceros de condominios y movimientos vecinales del pa\u00eds, especialmente de la ciudad de Caracas. Recibida en el Centro de Estudios Latinoamericanos y del [&hellip;]<\/p>\n","protected":false},"author":18,"featured_media":43038,"comment_status":"open","ping_status":"open","sticky":false,"template":"","format":"standard","meta":{"footnotes":""},"categories":[18,7],"tags":[1891,1935,20],"class_list":["post-43037","post","type-post","status-publish","format-standard","has-post-thumbnail","hentry","category-noticias-principales","category-notas-de-prensa","tag-presidenta-encargada-delcy-rodriguez","tag-programa-de-convivencia-democratica-y-paz","tag-venezuela"],"_links":{"self":[{"href":"https:\/\/prensapresidencialvenezuela.gob.ve\/index.php\/wp-json\/wp\/v2\/posts\/43037","targetHints":{"allow":["GET"]}}],"collection":[{"href":"https:\/\/prensapresidencialvenezuela.gob.ve\/index.php\/wp-json\/wp\/v2\/posts"}],"about":[{"href":"https:\/\/prensapresidencialvenezuela.gob.ve\/index.php\/wp-json\/wp\/v2\/types\/post"}],"author":[{"embeddable":true,"href":"https:\/\/prensapresidencialvenezuela.gob.ve\/index.php\/wp-json\/wp\/v2\/users\/18"}],"replies":[{"embeddable":true,"href":"https:\/\/prensapresidencialvenezuela.gob.ve\/index.php\/wp-json\/wp\/v2\/comments?post=43037"}],"version-history":[{"count":3,"href":"https:\/\/prensapresidencialvenezuela.gob.ve\/index.php\/wp-json\/wp\/v2\/posts\/43037\/revisions"}],"predecessor-version":[{"id":43059,"href":"https:\/\/prensapresidencialvenezuela.gob.ve\/index.php\/wp-json\/wp\/v2\/posts\/43037\/revisions\/43059"}],"wp:featuredmedia":[{"embeddable":true,"href":"https:\/\/prensapresidencialvenezuela.gob.ve\/index.php\/wp-json\/wp\/v2\/media\/43038"}],"wp:attachment":[{"href":"https:\/\/prensapresidencialvenezuela.gob.ve\/index.php\/wp-json\/wp\/v2\/media?parent=43037"}],"wp:term":[{"taxonomy":"category","embeddable":true,"href":"https:\/\/prensapresidencialvenezuela.gob.ve\/index.php\/wp-json\/wp\/v2\/categories?post=43037"},{"taxonomy":"post_tag","embeddable":true,"href":"https:\/\/prensapresidencialvenezuela.gob.ve\/index.php\/wp-json\/wp\/v2\/tags?post=43037"}],"curies":[{"name":"wp","href":"https:\/\/api.w.org\/{rel}","templated":true}]}}