{"id":43040,"date":"2026-03-12T19:17:20","date_gmt":"2026-03-12T23:17:20","guid":{"rendered":"https:\/\/prensapresidencialvenezuela.gob.ve\/?p=43040"},"modified":"2026-03-12T19:17:20","modified_gmt":"2026-03-12T23:17:20","slug":"presidenta-e-delcy-rodriguez-exhorto-a-representantes-de-condominios-y-movimientos-vecinales-a-sumarse-a-las-consultas-nacionales","status":"publish","type":"post","link":"https:\/\/prensapresidencialvenezuela.gob.ve\/index.php\/2026\/03\/12\/presidenta-e-delcy-rodriguez-exhorto-a-representantes-de-condominios-y-movimientos-vecinales-a-sumarse-a-las-consultas-nacionales\/","title":{"rendered":"Presidenta (E) Delcy Rodr\u00edguez exhort\u00f3 a Representantes de Condominios y Movimientos Vecinales a sumarse a las consultas nacionales"},"content":{"rendered":"\n<p><strong>CELARG, estado Miranda.-<\/strong> Con intervenciones que reflejaron el compromiso de los ciudadanos con participaci\u00f3n activa en el Programa para la Paz y la Convivencia Democr\u00e1tica, la presidenta Encargada de la Rep\u00fablica Bolivariana de Venezuela, Delcy Rodr\u00edguez, exhort\u00f3 a todo el pueblo venezolano organizado a sumarse a las Consultas Populares Nacionales, como un mecanismo que le permite al pueblo hacerse escuchar<\/p>\n\n\n\n<p>En este contexto, la Mandataria Nacional, agradeci\u00f3 a los voceros de Condominios y Movimientos Vecinales del pa\u00eds su asistencia al segundo encuentro entre las partes, y destac\u00f3 que \u00abque la consulta es un mecanismo que est\u00e1 en nuestra Constituci\u00f3n para consultar al pueblo, indistintamente del modelo organizativo\u00bb.<\/p>\n\n\n\n<p>A juicio de Rodr\u00edguez, la consulta realizada el pasado domingo, 08 de marzo, fue extraordinaria, alcanzando un r\u00e9cord de participaci\u00f3n. \u00abA las 10 de la noche, el Consejo Nacional Electoral (CNE) informaba que a\u00fan hab\u00eda colas de ciudadanos ejerciendo su derecho al voto. Este tipo de mecanismos son fundamentales para consolidar la democracia participativa y protag\u00f3nica que todos deseamos\u00bb, explic\u00f3 a los voceros de condominios de movimientos vecinales.<\/p>\n\n\n\n<p><strong>El\u00edas Santana: Movimiento de Asociaciones de Vecinos<\/strong><\/p>\n\n\n\n<p>La presidenta (E) Delcy Rodr\u00edguez El\u00edas reconoci\u00f3 la labor del El\u00edas Santana y el Movimiento de Asociaciones de Vecinos, siendo uno de los movimientos m\u00e1s importantes en la d\u00e9cada de los 80\u2019 y 90\u2019 por su lucha progresista.<\/p>\n\n\n\n<p>\u00abEs un movimiento al cual reconocemos. Es un movimiento al cual nosotros le prestamos realmente atenci\u00f3n, porque conocemos el origen de este movimiento y de la Junta de Condominios, que en el pasado levant\u00f3 banderas nacionalistas, levant\u00f3 nuestro tricolor para defender a Venezuela, para defender la justicia social, y eso tiene un m\u00e9rito en la historia de nuestro pa\u00eds\u00bb, dijo Rodr\u00edguez ante los logros alcanzados por Santana.<\/p>\n\n\n\n<p><strong>Prensa Presidencial\/ Claudia Guerra M\u00e9ndez<\/strong><\/p>\n","protected":false},"excerpt":{"rendered":"<p>CELARG, estado Miranda.- Con intervenciones que reflejaron el compromiso de los ciudadanos con participaci\u00f3n activa en el Programa para la Paz y la Convivencia Democr\u00e1tica, la presidenta Encargada de la Rep\u00fablica Bolivariana de Venezuela, Delcy Rodr\u00edguez, exhort\u00f3 a todo el pueblo venezolano organizado a sumarse a las Consultas Populares Nacionales, como un mecanismo que le [&hellip;]<\/p>\n","protected":false},"author":18,"featured_media":43041,"comment_status":"open","ping_status":"open","sticky":false,"template":"","format":"standard","meta":{"footnotes":""},"categories":[18,7],"tags":[1891,1935,20],"class_list":["post-43040","post","type-post","status-publish","format-standard","has-post-thumbnail","hentry","category-noticias-principales","category-notas-de-prensa","tag-presidenta-encargada-delcy-rodriguez","tag-programa-de-convivencia-democratica-y-paz","tag-venezuela"],"_links":{"self":[{"href":"https:\/\/prensapresidencialvenezuela.gob.ve\/index.php\/wp-json\/wp\/v2\/posts\/43040","targetHints":{"allow":["GET"]}}],"collection":[{"href":"https:\/\/prensapresidencialvenezuela.gob.ve\/index.php\/wp-json\/wp\/v2\/posts"}],"about":[{"href":"https:\/\/prensapresidencialvenezuela.gob.ve\/index.php\/wp-json\/wp\/v2\/types\/post"}],"author":[{"embeddable":true,"href":"https:\/\/prensapresidencialvenezuela.gob.ve\/index.php\/wp-json\/wp\/v2\/users\/18"}],"replies":[{"embeddable":true,"href":"https:\/\/prensapresidencialvenezuela.gob.ve\/index.php\/wp-json\/wp\/v2\/comments?post=43040"}],"version-history":[{"count":1,"href":"https:\/\/prensapresidencialvenezuela.gob.ve\/index.php\/wp-json\/wp\/v2\/posts\/43040\/revisions"}],"predecessor-version":[{"id":43042,"href":"https:\/\/prensapresidencialvenezuela.gob.ve\/index.php\/wp-json\/wp\/v2\/posts\/43040\/revisions\/43042"}],"wp:featuredmedia":[{"embeddable":true,"href":"https:\/\/prensapresidencialvenezuela.gob.ve\/index.php\/wp-json\/wp\/v2\/media\/43041"}],"wp:attachment":[{"href":"https:\/\/prensapresidencialvenezuela.gob.ve\/index.php\/wp-json\/wp\/v2\/media?parent=43040"}],"wp:term":[{"taxonomy":"category","embeddable":true,"href":"https:\/\/prensapresidencialvenezuela.gob.ve\/index.php\/wp-json\/wp\/v2\/categories?post=43040"},{"taxonomy":"post_tag","embeddable":true,"href":"https:\/\/prensapresidencialvenezuela.gob.ve\/index.php\/wp-json\/wp\/v2\/tags?post=43040"}],"curies":[{"name":"wp","href":"https:\/\/api.w.org\/{rel}","templated":true}]}}