{"id":43047,"date":"2026-03-12T19:20:45","date_gmt":"2026-03-12T23:20:45","guid":{"rendered":"https:\/\/prensapresidencialvenezuela.gob.ve\/?p=43047"},"modified":"2026-03-12T19:20:45","modified_gmt":"2026-03-12T23:20:45","slug":"gobierno-nacional-lleva-soluciones-a-juntas-de-condominio-de-todo-el-pais","status":"publish","type":"post","link":"https:\/\/prensapresidencialvenezuela.gob.ve\/index.php\/2026\/03\/12\/gobierno-nacional-lleva-soluciones-a-juntas-de-condominio-de-todo-el-pais\/","title":{"rendered":"Gobierno Nacional lleva soluciones a Juntas de Condominio de todo el pa\u00eds"},"content":{"rendered":"\n<p><strong>CELARG, estado Miranda.-<\/strong> El gobierno nacional, a trav\u00e9s de sus equipos especializados, se encuentra trabajando activamente en el desarrollo e implementaci\u00f3n de soluciones concretas destinadas a mejorar la realidad de los edificios y fortalecer el rol de las Juntas de Condominios, as\u00ed lo dio a conocerla presidenta Encargada de la Rep\u00fablica Bolivariana de Venezuela, Delcy Rodr\u00edguez, durante el II Encuentro\u00a0 con representantes de Condominios y Movimientos Vecinales.<\/p>\n\n\n\n<p>Bajo el Programa para la Paz y la Convivencia Democr\u00e1tica, la Presidenta Encargada salud\u00f3 a las Juntas de Condominios \u00abcomo modelo de organizaci\u00f3n, porque los ciudadanos habitantes de un edificio se ponen de acuerdo en torno a problemas comunes, eso es importante, ya no son soluciones individuales, son las soluciones en colectivo\u00bb, precis\u00f3.<\/p>\n\n\n\n<figure class=\"wp-block-image size-large\"><img fetchpriority=\"high\" decoding=\"async\" width=\"1024\" height=\"819\" src=\"https:\/\/prensapresidencialvenezuela.gob.ve\/wp-content\/uploads\/2026\/03\/IMG_6717-1024x819.jpg\" alt=\"\" class=\"wp-image-43048\" srcset=\"https:\/\/prensapresidencialvenezuela.gob.ve\/wp-content\/uploads\/2026\/03\/IMG_6717-1024x819.jpg 1024w, https:\/\/prensapresidencialvenezuela.gob.ve\/wp-content\/uploads\/2026\/03\/IMG_6717-300x240.jpg 300w, https:\/\/prensapresidencialvenezuela.gob.ve\/wp-content\/uploads\/2026\/03\/IMG_6717-768x614.jpg 768w, https:\/\/prensapresidencialvenezuela.gob.ve\/wp-content\/uploads\/2026\/03\/IMG_6717-1536x1229.jpg 1536w, https:\/\/prensapresidencialvenezuela.gob.ve\/wp-content\/uploads\/2026\/03\/IMG_6717-2048x1638.jpg 2048w\" sizes=\"(max-width: 1024px) 100vw, 1024px\" \/><\/figure>\n\n\n\n<p>Este enfoque en la organizaci\u00f3n de los movimientos vecinales se alinea con la visi\u00f3n de fortalecer la vida en comunidad desde la base, similar al gran trabajo que se realiza en los Circuitos Comunales. En estos espacios, el pueblo venezolano se ha organizado para los levantamientos cartogr\u00e1ficos de sus zonas e identifican problemas en \u00e1reas clave como la seguridad, la econom\u00eda y los servicios p\u00fablicos.<\/p>\n\n\n\n<p>A criterio de Rodr\u00edguez, los Circuitos Comunales \u00abven los problemas en cuanto a las 7 Transformaciones, ven c\u00f3mo abordar proyectos productivos en la transformaci\u00f3n econ\u00f3mica o c\u00f3mo resolver problemas en la zona de la ciudad humana que ha sido tan, pero tan impactada con el bloqueo econ\u00f3mico contra Venezuela\u00bb, detall\u00f3 la Presidenta como una experiencia alentadora.<\/p>\n\n\n\n<p>En Venezuela, es conocido que a trav\u00e9s de las asambleas comunitarias, se discuten y priorizan las necesidades locales, desde la reparaci\u00f3n de luminarias y el suministro de agua y gas, hasta la mejora de la vialidad y el asfaltado. Esta din\u00e1mica de la comunidad organizada contrasta con modelos donde las decisiones de inversi\u00f3n de recursos se toman, exclusivamente, desde los ministerios de Planificaci\u00f3n u Obras P\u00fablicas, sin la participaci\u00f3n directa de los beneficiarios.<\/p>\n\n\n\n<p><strong>Prensa Presidencial\/ Claudia Guerra M\u00e9ndez<\/strong><\/p>\n","protected":false},"excerpt":{"rendered":"<p>CELARG, estado Miranda.- El gobierno nacional, a trav\u00e9s de sus equipos especializados, se encuentra trabajando activamente en el desarrollo e implementaci\u00f3n de soluciones concretas destinadas a mejorar la realidad de los edificios y fortalecer el rol de las Juntas de Condominios, as\u00ed lo dio a conocerla presidenta Encargada de la Rep\u00fablica Bolivariana de Venezuela, Delcy [&hellip;]<\/p>\n","protected":false},"author":18,"featured_media":43050,"comment_status":"open","ping_status":"open","sticky":false,"template":"","format":"standard","meta":{"footnotes":""},"categories":[18,7,1],"tags":[1891,1935,20],"class_list":["post-43047","post","type-post","status-publish","format-standard","has-post-thumbnail","hentry","category-noticias-principales","category-notas-de-prensa","category-sin-categoria","tag-presidenta-encargada-delcy-rodriguez","tag-programa-de-convivencia-democratica-y-paz","tag-venezuela"],"_links":{"self":[{"href":"https:\/\/prensapresidencialvenezuela.gob.ve\/index.php\/wp-json\/wp\/v2\/posts\/43047","targetHints":{"allow":["GET"]}}],"collection":[{"href":"https:\/\/prensapresidencialvenezuela.gob.ve\/index.php\/wp-json\/wp\/v2\/posts"}],"about":[{"href":"https:\/\/prensapresidencialvenezuela.gob.ve\/index.php\/wp-json\/wp\/v2\/types\/post"}],"author":[{"embeddable":true,"href":"https:\/\/prensapresidencialvenezuela.gob.ve\/index.php\/wp-json\/wp\/v2\/users\/18"}],"replies":[{"embeddable":true,"href":"https:\/\/prensapresidencialvenezuela.gob.ve\/index.php\/wp-json\/wp\/v2\/comments?post=43047"}],"version-history":[{"count":1,"href":"https:\/\/prensapresidencialvenezuela.gob.ve\/index.php\/wp-json\/wp\/v2\/posts\/43047\/revisions"}],"predecessor-version":[{"id":43051,"href":"https:\/\/prensapresidencialvenezuela.gob.ve\/index.php\/wp-json\/wp\/v2\/posts\/43047\/revisions\/43051"}],"wp:featuredmedia":[{"embeddable":true,"href":"https:\/\/prensapresidencialvenezuela.gob.ve\/index.php\/wp-json\/wp\/v2\/media\/43050"}],"wp:attachment":[{"href":"https:\/\/prensapresidencialvenezuela.gob.ve\/index.php\/wp-json\/wp\/v2\/media?parent=43047"}],"wp:term":[{"taxonomy":"category","embeddable":true,"href":"https:\/\/prensapresidencialvenezuela.gob.ve\/index.php\/wp-json\/wp\/v2\/categories?post=43047"},{"taxonomy":"post_tag","embeddable":true,"href":"https:\/\/prensapresidencialvenezuela.gob.ve\/index.php\/wp-json\/wp\/v2\/tags?post=43047"}],"curies":[{"name":"wp","href":"https:\/\/api.w.org\/{rel}","templated":true}]}}