{"id":43052,"date":"2026-03-12T19:07:14","date_gmt":"2026-03-12T23:07:14","guid":{"rendered":"https:\/\/prensapresidencialvenezuela.gob.ve\/?p=43052"},"modified":"2026-03-12T19:47:54","modified_gmt":"2026-03-12T23:47:54","slug":"presidenta-e-delcy-rodriguez-sostiene-reunion-con-condominios-y-movimiento-vecinal-integrados-al-programa-para-la-paz-y-convivencia-democratica","status":"publish","type":"post","link":"https:\/\/prensapresidencialvenezuela.gob.ve\/index.php\/2026\/03\/12\/presidenta-e-delcy-rodriguez-sostiene-reunion-con-condominios-y-movimiento-vecinal-integrados-al-programa-para-la-paz-y-convivencia-democratica\/","title":{"rendered":"Presidenta (E) Delcy Rodr\u00edguez sostiene reuni\u00f3n con condominios y movimiento vecinal integrados al \u00abPrograma para la Paz y Convivencia Democr\u00e1tica\u00bb"},"content":{"rendered":"\n<p><strong>Caracas, Venezuela. &#8211; <\/strong>Este jueves, la presidenta Encargada de la Rep\u00fablica Bolivariana de Venezuela, Delcy Rodr\u00edguez, sostiene una reuni\u00f3n con representantes de condominios que han sido integrados al \u00abPrograma para la Paz y Convivencia Democr\u00e1tica\u00bb, de esta manera se ampl\u00eda el rango de acci\u00f3n de la Consulta Popular Nacional para mejorar los servicios en las infraestructuras verticales y servicios, adem\u00e1s del fortalecimiento de la seguridad ciudadana.<\/p>\n\n\n\n<p>El \u00abPrograma para la Paz y Convivencia Democr\u00e1tica\u00bb fue creado el pasado 23 de enero de 2026, por la Mandataria Encargada, para consolidar la estabilidad nacional, combatir la violencia pol\u00edtica y fomentar la convivencia. Esta iniciativa forma parte de un di\u00e1logo amplio impulsado por el Gobierno Nacional para consolidar la estabilidad, involucrando a la comunidad organizada en la gesti\u00f3n de sus propios espacios. <\/p>\n\n\n\n<p>Vale acotar, que en este encuentro tambi\u00e9n estar\u00e1n presente los integrantes de los movimientos vecinales, para que, con la extensi\u00f3n de la Consulta Popular Nacional, puedan sumarse y plantear propuestas referentes a las necesidades que requieran ser atendidas en los edificios. <\/p>\n\n\n\n<p>Es importante acotar, que dentro del marco legal y de convivencia en las ciudades como Caracas, esta integraci\u00f3n se apoya en normativas locales como la Ordenanza para la Convivencia Ciudadana, el Civismo y la Justicia de Paz Comunal, que promueve la resoluci\u00f3n de conflictos vecinales mediante el di\u00e1logo y el respeto a las \u00e1reas comunes. <\/p>\n\n\n\n<p><strong>Prensa Presidencial\/ Irmary D\u00edaz<\/strong><\/p>\n","protected":false},"excerpt":{"rendered":"<p>Caracas, Venezuela. &#8211; Este jueves, la presidenta Encargada de la Rep\u00fablica Bolivariana de Venezuela, Delcy Rodr\u00edguez, sostiene una reuni\u00f3n con representantes de condominios que han sido integrados al \u00abPrograma para la Paz y Convivencia Democr\u00e1tica\u00bb, de esta manera se ampl\u00eda el rango de acci\u00f3n de la Consulta Popular Nacional para mejorar los servicios en las [&hellip;]<\/p>\n","protected":false},"author":15,"featured_media":43055,"comment_status":"open","ping_status":"open","sticky":false,"template":"","format":"standard","meta":{"footnotes":""},"categories":[18,7],"tags":[],"class_list":["post-43052","post","type-post","status-publish","format-standard","has-post-thumbnail","hentry","category-noticias-principales","category-notas-de-prensa"],"_links":{"self":[{"href":"https:\/\/prensapresidencialvenezuela.gob.ve\/index.php\/wp-json\/wp\/v2\/posts\/43052","targetHints":{"allow":["GET"]}}],"collection":[{"href":"https:\/\/prensapresidencialvenezuela.gob.ve\/index.php\/wp-json\/wp\/v2\/posts"}],"about":[{"href":"https:\/\/prensapresidencialvenezuela.gob.ve\/index.php\/wp-json\/wp\/v2\/types\/post"}],"author":[{"embeddable":true,"href":"https:\/\/prensapresidencialvenezuela.gob.ve\/index.php\/wp-json\/wp\/v2\/users\/15"}],"replies":[{"embeddable":true,"href":"https:\/\/prensapresidencialvenezuela.gob.ve\/index.php\/wp-json\/wp\/v2\/comments?post=43052"}],"version-history":[{"count":2,"href":"https:\/\/prensapresidencialvenezuela.gob.ve\/index.php\/wp-json\/wp\/v2\/posts\/43052\/revisions"}],"predecessor-version":[{"id":43084,"href":"https:\/\/prensapresidencialvenezuela.gob.ve\/index.php\/wp-json\/wp\/v2\/posts\/43052\/revisions\/43084"}],"wp:featuredmedia":[{"embeddable":true,"href":"https:\/\/prensapresidencialvenezuela.gob.ve\/index.php\/wp-json\/wp\/v2\/media\/43055"}],"wp:attachment":[{"href":"https:\/\/prensapresidencialvenezuela.gob.ve\/index.php\/wp-json\/wp\/v2\/media?parent=43052"}],"wp:term":[{"taxonomy":"category","embeddable":true,"href":"https:\/\/prensapresidencialvenezuela.gob.ve\/index.php\/wp-json\/wp\/v2\/categories?post=43052"},{"taxonomy":"post_tag","embeddable":true,"href":"https:\/\/prensapresidencialvenezuela.gob.ve\/index.php\/wp-json\/wp\/v2\/tags?post=43052"}],"curies":[{"name":"wp","href":"https:\/\/api.w.org\/{rel}","templated":true}]}}