{"id":43060,"date":"2026-03-12T19:27:51","date_gmt":"2026-03-12T23:27:51","guid":{"rendered":"https:\/\/prensapresidencialvenezuela.gob.ve\/?p=43060"},"modified":"2026-03-12T19:49:46","modified_gmt":"2026-03-12T23:49:46","slug":"proponen-designar-representantes-de-condominios-y-movimientos-vecinales-ante-el-consejo-de-vicepresidentes","status":"publish","type":"post","link":"https:\/\/prensapresidencialvenezuela.gob.ve\/index.php\/2026\/03\/12\/proponen-designar-representantes-de-condominios-y-movimientos-vecinales-ante-el-consejo-de-vicepresidentes\/","title":{"rendered":"Proponen designar representantes de condominios y movimientos vecinales ante el Consejo de Vicepresidentes"},"content":{"rendered":"\n<p><strong>Estado Miranda, Venezuela. \u2013 <\/strong>La presidenta Encargada de la Rep\u00fablica Bolivariana de Venezuela, Delcy Rodr\u00edguez, propuso la designaci\u00f3n de una representaci\u00f3n que puedas asistir al Consejo de Vicepresidentes para realizar sus planteamientos, y de esta manera efectuar un abordaje en conjunto.<\/p>\n\n\n\n<p>Asimismo, solicit\u00f3 que en base a la organizaci\u00f3n se tenga siempre como norte, \u00abla vida de Venezuela como Rep\u00fablica, la historia de Venezuela, nuestra independencia, nuestra soberan\u00eda y nuestra libertad\u00bb, destacando a su vez, que este debe ser el centro de inspiraci\u00f3n y de \u00e1nimo para los venezolanos. <\/p>\n\n\n\n<p>\u00abHay quienes dejan huellas en un pa\u00eds y bueno nosotros tenemos muchos venezolanos indistintamente de su pensamiento, pero que su impronta, es la impronta nacional, que sea Venezuela, es la primera impronta\u00bb, subray\u00f3 la Mandataria Encargada. <\/p>\n\n\n\n<p>En este sentido, es importante mencionar que estas declaraciones fueron emitidas durante un encuentro con representantes de movimientos vecinales y de condominio, con el objetivo de impulsar Programa de Convivencia Democr\u00e1tica y Paz, el di\u00e1logo y entendimiento en todos los sectores del pa\u00eds. <\/p>\n\n\n\n<p><strong>Prensa Presidencial\/ Irmary D\u00edaz<\/strong><\/p>\n\n\n\n<p><canvas width=\"18\" height=\"18\"><\/canvas><\/p>\n","protected":false},"excerpt":{"rendered":"<p>Estado Miranda, Venezuela. \u2013 La presidenta Encargada de la Rep\u00fablica Bolivariana de Venezuela, Delcy Rodr\u00edguez, propuso la designaci\u00f3n de una representaci\u00f3n que puedas asistir al Consejo de Vicepresidentes para realizar sus planteamientos, y de esta manera efectuar un abordaje en conjunto. Asimismo, solicit\u00f3 que en base a la organizaci\u00f3n se tenga siempre como norte, \u00abla [&hellip;]<\/p>\n","protected":false},"author":15,"featured_media":43071,"comment_status":"open","ping_status":"open","sticky":false,"template":"","format":"standard","meta":{"footnotes":""},"categories":[18,7],"tags":[1937,1938,20],"class_list":["post-43060","post","type-post","status-publish","format-standard","has-post-thumbnail","hentry","category-noticias-principales","category-notas-de-prensa","tag-condominio","tag-movimientos-vecinales","tag-venezuela"],"_links":{"self":[{"href":"https:\/\/prensapresidencialvenezuela.gob.ve\/index.php\/wp-json\/wp\/v2\/posts\/43060","targetHints":{"allow":["GET"]}}],"collection":[{"href":"https:\/\/prensapresidencialvenezuela.gob.ve\/index.php\/wp-json\/wp\/v2\/posts"}],"about":[{"href":"https:\/\/prensapresidencialvenezuela.gob.ve\/index.php\/wp-json\/wp\/v2\/types\/post"}],"author":[{"embeddable":true,"href":"https:\/\/prensapresidencialvenezuela.gob.ve\/index.php\/wp-json\/wp\/v2\/users\/15"}],"replies":[{"embeddable":true,"href":"https:\/\/prensapresidencialvenezuela.gob.ve\/index.php\/wp-json\/wp\/v2\/comments?post=43060"}],"version-history":[{"count":3,"href":"https:\/\/prensapresidencialvenezuela.gob.ve\/index.php\/wp-json\/wp\/v2\/posts\/43060\/revisions"}],"predecessor-version":[{"id":43086,"href":"https:\/\/prensapresidencialvenezuela.gob.ve\/index.php\/wp-json\/wp\/v2\/posts\/43060\/revisions\/43086"}],"wp:featuredmedia":[{"embeddable":true,"href":"https:\/\/prensapresidencialvenezuela.gob.ve\/index.php\/wp-json\/wp\/v2\/media\/43071"}],"wp:attachment":[{"href":"https:\/\/prensapresidencialvenezuela.gob.ve\/index.php\/wp-json\/wp\/v2\/media?parent=43060"}],"wp:term":[{"taxonomy":"category","embeddable":true,"href":"https:\/\/prensapresidencialvenezuela.gob.ve\/index.php\/wp-json\/wp\/v2\/categories?post=43060"},{"taxonomy":"post_tag","embeddable":true,"href":"https:\/\/prensapresidencialvenezuela.gob.ve\/index.php\/wp-json\/wp\/v2\/tags?post=43060"}],"curies":[{"name":"wp","href":"https:\/\/api.w.org\/{rel}","templated":true}]}}